{"id":10777,"date":"2024-12-27T13:38:27","date_gmt":"2024-12-27T12:38:27","guid":{"rendered":"https:\/\/pasaenmendoza.com\/?p=10777"},"modified":"2024-12-27T13:42:01","modified_gmt":"2024-12-27T12:42:01","slug":"el-tiempo-en-mendoza-viernes-caluroso-y-con-alertas-por-tormentas-y-granizo","status":"publish","type":"post","link":"https:\/\/pasaenmendoza.com\/?p=10777","title":{"rendered":"El tiempo en Mendoza: viernes caluroso y con alertas por tormentas y granizo"},"content":{"rendered":"\n<p><strong>La temperatura m\u00e1xima para este viernes alcanzar\u00e1 los 36 grados cent\u00edgrados<\/strong>, mientras que&nbsp;<strong>la m\u00ednima ser\u00e1 elevada: llegar\u00e1 a los 24 grados.<\/strong><\/p>\n\n\n\n<p>El pron\u00f3stico de la&nbsp;<strong>Direcci\u00f3n de Contingencias Clim\u00e1ticas<\/strong>&nbsp;adelant\u00f3 que estar\u00e1 \u201c<em><strong>caluroso<\/strong>&nbsp;con nubosidad variable y<strong>&nbsp;tormentas aisladas<\/strong>, vientos moderados del este<\/em>\u201c.<\/p>\n\n\n\n<p>Para los que viajen hacia Chile, el tiempo en la alta monta\u00f1a seguir\u00e1 inestable: \u201c<em>Precipitaciones en cordillera<\/em>\u201c, que pueden ser intensas, seg\u00fan el organismo meteorol\u00f3gico nacional.<\/p>\n\n\n\n<h2 class=\"wp-block-heading\" id=\"h-alerta\">Alerta<\/h2>\n\n\n\n<p>El&nbsp;<strong>Servicio Meteorol\u00f3gico Nacional<\/strong>&nbsp;adelant\u00f3 un&nbsp;<strong>alerta en nivel amarillo<\/strong>&nbsp;por&nbsp;<strong>tormentas<\/strong>&nbsp;<strong>para la tarde del viernes.<\/strong><\/p>\n\n\n\n<p>La advertencia temprana rige para<strong>&nbsp;Jun\u00edn, Rivadavia, Valles de Luj\u00e1n de Cuyo, Valles de San Carlos, Valles de Tunuy\u00e1n y Valles de Tupungato.<\/strong><\/p>\n\n\n\n<p>\u201c<em>El \u00e1rea ser\u00e1 afectada por&nbsp;<strong>tormentas aisladas, algunas localmente fuertes<\/strong>. Las mismas estar\u00e1n acompa\u00f1adas por&nbsp;<strong>abundante ca\u00edda de agua en cortos per\u00edodos, r\u00e1fagas de hasta 70 kil\u00f3metros por hora, granizo ocasional<\/strong>&nbsp;y principalmente intensa actividad el\u00e9ctrica. Se prev\u00e9n valores de&nbsp;<strong>precipitaci\u00f3n acumulada entre 20 y 40 mil\u00edmetros<\/strong>, pudiendo ser superados de forma puntual.&nbsp;<strong>Se espera que las tormentas m\u00e1s intensas se den en la zona cordillerana<\/strong><\/em>\u201c, estableci\u00f3 el SMN.<\/p>\n\n\n\n<p><strong>Fuente: www.elsol.com.ar<\/strong><\/p>\n","protected":false},"excerpt":{"rendered":"<p>La temperatura m\u00e1xima para este viernes alcanzar\u00e1 los 36 grados cent\u00edgrados, mientras que&nbsp;la m\u00ednima ser\u00e1 elevada: llegar\u00e1 a los 24 grados. El pron\u00f3stico de la&nbsp;Direcci\u00f3n de Contingencias Clim\u00e1ticas&nbsp;adelant\u00f3 que estar\u00e1 \u201ccaluroso&nbsp;con nubosidad variable y&nbsp;tormentas aisladas, vientos moderados del este\u201c. Para los que viajen hacia Chile, el tiempo en la alta monta\u00f1a seguir\u00e1 inestable: \u201cPrecipitaciones en [&hellip;]<\/p>\n","protected":false},"author":2,"featured_media":10778,"comment_status":"open","ping_status":"open","sticky":false,"template":"","format":"standard","meta":[],"categories":[52],"tags":[],"_links":{"self":[{"href":"https:\/\/pasaenmendoza.com\/index.php?rest_route=\/wp\/v2\/posts\/10777"}],"collection":[{"href":"https:\/\/pasaenmendoza.com\/index.php?rest_route=\/wp\/v2\/posts"}],"about":[{"href":"https:\/\/pasaenmendoza.com\/index.php?rest_route=\/wp\/v2\/types\/post"}],"author":[{"embeddable":true,"href":"https:\/\/pasaenmendoza.com\/index.php?rest_route=\/wp\/v2\/users\/2"}],"replies":[{"embeddable":true,"href":"https:\/\/pasaenmendoza.com\/index.php?rest_route=%2Fwp%2Fv2%2Fcomments&post=10777"}],"version-history":[{"count":2,"href":"https:\/\/pasaenmendoza.com\/index.php?rest_route=\/wp\/v2\/posts\/10777\/revisions"}],"predecessor-version":[{"id":10780,"href":"https:\/\/pasaenmendoza.com\/index.php?rest_route=\/wp\/v2\/posts\/10777\/revisions\/10780"}],"wp:featuredmedia":[{"embeddable":true,"href":"https:\/\/pasaenmendoza.com\/index.php?rest_route=\/wp\/v2\/media\/10778"}],"wp:attachment":[{"href":"https:\/\/pasaenmendoza.com\/index.php?rest_route=%2Fwp%2Fv2%2Fmedia&parent=10777"}],"wp:term":[{"taxonomy":"category","embeddable":true,"href":"https:\/\/pasaenmendoza.com\/index.php?rest_route=%2Fwp%2Fv2%2Fcategories&post=10777"},{"taxonomy":"post_tag","embeddable":true,"href":"https:\/\/pasaenmendoza.com\/index.php?rest_route=%2Fwp%2Fv2%2Ftags&post=10777"}],"curies":[{"name":"wp","href":"https:\/\/api.w.org\/{rel}","templated":true}]}}