{"id":1078,"date":"2023-08-31T14:11:16","date_gmt":"2023-08-31T12:11:16","guid":{"rendered":"https:\/\/pasaenmendoza.com\/?p=1078"},"modified":"2023-08-31T14:11:17","modified_gmt":"2023-08-31T12:11:17","slug":"potasio-rio-colorado-la-apuesta-de-la-gestion-provincial-en-sus-ultimos-100-dias","status":"publish","type":"post","link":"https:\/\/pasaenmendoza.com\/?p=1078","title":{"rendered":"Potasio R\u00edo Colorado, la apuesta de la gesti\u00f3n provincial en sus \u00faltimos 100 d\u00edas"},"content":{"rendered":"\n<p> En el ejecutivo apuntan al proyecto minero ubicado en el departamento de Malarg\u00fce como el mayor anuncio que se puede hacer al final de gesti\u00f3n.<\/p>\n\n\n\n<p>La miner\u00eda, y espec\u00edficamente el proyecto Potasio R\u00edo Colorado (PRC), se convierte en la clave de los \u00faltimos 100 d\u00edas de gesti\u00f3n de la actual administraci\u00f3n provincial.<\/p>\n\n\n\n<p>El yacimiento ubicado en el departamento de Malarg\u00fce ser\u00e1 el gran anuncio de la \u00faltima etapa de Rodolfo Suarez al frente de la gobernaci\u00f3n. Es la idea del mandatario dar a conocer el socio inversor que reactivar\u00e1 el proyecto antes de diciembre, cuando termina su mandato.<\/p>\n\n\n\n<p>Fue el mismo Suarez en el programa\u00a0<strong><em>S\u00e9ptimo D\u00eda de Canal 7<\/em><\/strong>\u00a0qui\u00e9n se\u00f1al\u00f3 que\u00a0<strong>est\u00e1n esperando el informe del banco suizo UBS para determinar cu\u00e1l de las tres ofertas que analizan ser\u00eda la elegida.<\/strong><\/p>\n\n\n\n<p>Adem\u00e1s, el gobernador asegur\u00f3 que recibi\u00f3 un llamado del ministro de Agricultura de Brasil muy interesado en la posible producci\u00f3n que tendr\u00eda el yacimiento.<\/p>\n\n\n\n<p><strong>Suarez destac\u00f3 que la matriz productiva y su ampliaci\u00f3n es uno de los ejes que promovi\u00f3 su gesti\u00f3n y por eso espera tener noticias pronto sobre PRC.<\/strong>&nbsp;Adem\u00e1s, destac\u00f3 el avance con Hierro Indio y Cerro Amarillo, proyectos que est\u00e1n en sus primeras etapas de desarrollo.<\/p>\n\n\n\n<p>Finalmente, el gobernador dijo que en su gesti\u00f3n se dieron todos los debates estructurales que hab\u00eda que dar en Mendoza.<\/p>\n\n\n\n<p>FUENTE: Memo.com.ar<\/p>\n\n\n\n<p><\/p>\n\n\n\n<p><\/p>\n\n\n\n<p><\/p>\n\n\n\n<p><\/p>\n\n\n\n<p><\/p>\n\n\n\n<p><\/p>\n","protected":false},"excerpt":{"rendered":"<p>En el ejecutivo apuntan al proyecto minero ubicado en el departamento de Malarg\u00fce como el mayor anuncio que se puede hacer al final de gesti\u00f3n. La miner\u00eda, y espec\u00edficamente el proyecto Potasio R\u00edo Colorado (PRC), se convierte en la clave de los \u00faltimos 100 d\u00edas de gesti\u00f3n de la actual administraci\u00f3n provincial. El yacimiento ubicado [&hellip;]<\/p>\n","protected":false},"author":2,"featured_media":1079,"comment_status":"open","ping_status":"open","sticky":true,"template":"","format":"standard","meta":[],"categories":[47],"tags":[],"_links":{"self":[{"href":"https:\/\/pasaenmendoza.com\/index.php?rest_route=\/wp\/v2\/posts\/1078"}],"collection":[{"href":"https:\/\/pasaenmendoza.com\/index.php?rest_route=\/wp\/v2\/posts"}],"about":[{"href":"https:\/\/pasaenmendoza.com\/index.php?rest_route=\/wp\/v2\/types\/post"}],"author":[{"embeddable":true,"href":"https:\/\/pasaenmendoza.com\/index.php?rest_route=\/wp\/v2\/users\/2"}],"replies":[{"embeddable":true,"href":"https:\/\/pasaenmendoza.com\/index.php?rest_route=%2Fwp%2Fv2%2Fcomments&post=1078"}],"version-history":[{"count":1,"href":"https:\/\/pasaenmendoza.com\/index.php?rest_route=\/wp\/v2\/posts\/1078\/revisions"}],"predecessor-version":[{"id":1080,"href":"https:\/\/pasaenmendoza.com\/index.php?rest_route=\/wp\/v2\/posts\/1078\/revisions\/1080"}],"wp:featuredmedia":[{"embeddable":true,"href":"https:\/\/pasaenmendoza.com\/index.php?rest_route=\/wp\/v2\/media\/1079"}],"wp:attachment":[{"href":"https:\/\/pasaenmendoza.com\/index.php?rest_route=%2Fwp%2Fv2%2Fmedia&parent=1078"}],"wp:term":[{"taxonomy":"category","embeddable":true,"href":"https:\/\/pasaenmendoza.com\/index.php?rest_route=%2Fwp%2Fv2%2Fcategories&post=1078"},{"taxonomy":"post_tag","embeddable":true,"href":"https:\/\/pasaenmendoza.com\/index.php?rest_route=%2Fwp%2Fv2%2Ftags&post=1078"}],"curies":[{"name":"wp","href":"https:\/\/api.w.org\/{rel}","templated":true}]}}