{"id":10797,"date":"2024-12-30T20:06:20","date_gmt":"2024-12-30T19:06:20","guid":{"rendered":"https:\/\/pasaenmendoza.com\/?p=10797"},"modified":"2024-12-30T20:06:21","modified_gmt":"2024-12-30T19:06:21","slug":"asesinaron-a-un-hombre-en-un-casamiento-en-las-heras","status":"publish","type":"post","link":"https:\/\/pasaenmendoza.com\/?p=10797","title":{"rendered":"Asesinaron a un hombre en un casamiento en Las Heras"},"content":{"rendered":"\n<p>En los primeros minutos de este lunes, un tr\u00e1gico suceso tuvo lugar en calle Benteveo y Gutemberg de Las Heras. Pasada la medianoche, un hombre ingres\u00f3 sin signos vitales al hospital Carrillo y se investigan las causas del hecho.<\/p>\n\n\n\n<p>La v\u00edctima fatal fue identificada como Juan Garc\u00eda Maman\u00ed, de 35 a\u00f1os de edad. Seg\u00fan informaron fuentes policiales el hecho tuvo lugar en un domicilio donde se realizaba un&nbsp;<strong>casamiento<\/strong>. El relato indica que habr\u00eda salido a orinar a la calle, se cruz\u00f3 con otro grupo de hombres y ah\u00ed comenz\u00f3 la ri\u00f1a fatal en la que termin\u00f3 apu\u00f1alado.<\/p>\n\n\n\n<p>Personal policial acudi\u00f3 al lugar donde se constat\u00f3 que, producto de la fiesta, los familiares se encontraban en estado de ebriedad sin poder especificar con detalles lo sucedido, algo que es necesario en caso de un homicidio.<\/p>\n\n\n\n<p>Lo poco que aportaron los presentes es que se inici\u00f3 una fuerte pelea con otros hombres de la zona y terminaron hiriendo a Juan Garc\u00eda con un arma blanca.<\/p>\n\n\n\n<p>El puntazo fue letal y el hombre muri\u00f3 antes de ingresar al nosocomio, pese a que le realizaron maniobras de RCP.<\/p>\n\n\n\n<p><strong>Fuente: www.elsol.com.ar<\/strong><\/p>\n","protected":false},"excerpt":{"rendered":"<p>En los primeros minutos de este lunes, un tr\u00e1gico suceso tuvo lugar en calle Benteveo y Gutemberg de Las Heras. Pasada la medianoche, un hombre ingres\u00f3 sin signos vitales al hospital Carrillo y se investigan las causas del hecho. La v\u00edctima fatal fue identificada como Juan Garc\u00eda Maman\u00ed, de 35 a\u00f1os de edad. Seg\u00fan informaron [&hellip;]<\/p>\n","protected":false},"author":2,"featured_media":10798,"comment_status":"open","ping_status":"open","sticky":false,"template":"","format":"standard","meta":[],"categories":[48],"tags":[],"_links":{"self":[{"href":"https:\/\/pasaenmendoza.com\/index.php?rest_route=\/wp\/v2\/posts\/10797"}],"collection":[{"href":"https:\/\/pasaenmendoza.com\/index.php?rest_route=\/wp\/v2\/posts"}],"about":[{"href":"https:\/\/pasaenmendoza.com\/index.php?rest_route=\/wp\/v2\/types\/post"}],"author":[{"embeddable":true,"href":"https:\/\/pasaenmendoza.com\/index.php?rest_route=\/wp\/v2\/users\/2"}],"replies":[{"embeddable":true,"href":"https:\/\/pasaenmendoza.com\/index.php?rest_route=%2Fwp%2Fv2%2Fcomments&post=10797"}],"version-history":[{"count":1,"href":"https:\/\/pasaenmendoza.com\/index.php?rest_route=\/wp\/v2\/posts\/10797\/revisions"}],"predecessor-version":[{"id":10799,"href":"https:\/\/pasaenmendoza.com\/index.php?rest_route=\/wp\/v2\/posts\/10797\/revisions\/10799"}],"wp:featuredmedia":[{"embeddable":true,"href":"https:\/\/pasaenmendoza.com\/index.php?rest_route=\/wp\/v2\/media\/10798"}],"wp:attachment":[{"href":"https:\/\/pasaenmendoza.com\/index.php?rest_route=%2Fwp%2Fv2%2Fmedia&parent=10797"}],"wp:term":[{"taxonomy":"category","embeddable":true,"href":"https:\/\/pasaenmendoza.com\/index.php?rest_route=%2Fwp%2Fv2%2Fcategories&post=10797"},{"taxonomy":"post_tag","embeddable":true,"href":"https:\/\/pasaenmendoza.com\/index.php?rest_route=%2Fwp%2Fv2%2Ftags&post=10797"}],"curies":[{"name":"wp","href":"https:\/\/api.w.org\/{rel}","templated":true}]}}