{"id":1081,"date":"2023-08-31T14:17:24","date_gmt":"2023-08-31T12:17:24","guid":{"rendered":"https:\/\/pasaenmendoza.com\/?p=1081"},"modified":"2023-08-31T14:17:25","modified_gmt":"2023-08-31T12:17:25","slug":"listas-negras-imputan-a-funcionario-de-orozco-por-maniobra-con-sueldos","status":"publish","type":"post","link":"https:\/\/pasaenmendoza.com\/?p=1081","title":{"rendered":"Listas negras: Imputan a funcionario de Orozco por maniobra con sueldos"},"content":{"rendered":"\n<p>tro miembro del gabinete de<strong>\u00a0Daniel Orozco<\/strong>\u00a0termin\u00f3 imputado por la justicia. Se trata de un ex director de Desarrollo Organizacional y actual subdirector llamado\u00a0<strong>Sergio An\u00edbal Ver\u00f3n<\/strong>, acusado de no liquidar sueldos, adicionales y otros rubros salariales a empleados que se negaron a militar en el frente opositor\u00a0<strong>La Uni\u00f3n Mendocina<\/strong>, que lleva al intendente\u00a0<strong>Daniel Orozco<\/strong>\u00a0como candidato a vicegobernador de\u00a0<strong>Omar De Marchi<\/strong>, y a la secretaria de Gobierno\u00a0<strong>Janina Ortiz<\/strong>\u00a0como candidata a diputada.\u00a0<strong>Ver\u00f3n<\/strong>\u00a0fue imputado de\u00a0<strong>abuso de autoridad e incumplimiento de los deberes de funcionario p\u00fablico\u00a0<\/strong>el viernes \u00faltimo por el fiscal\u00a0<strong>Juan Carlos Alessandra<\/strong>, luego de la denuncia penal de una empleada municipal que habr\u00eda sido perjudicada por la maniobra. A la mujer no le depositaron el sueldo, le dijeron que cobrar\u00eda con un cheque, pero ello no sucedi\u00f3.<strong>\u00a0Le dijeron que hab\u00edan una &#8220;lista negra&#8221; de varias personas.<\/strong>\u00a0Por eso hizo la denuncia penal. Habr\u00eda otros 30 empleados y contratados perjudicados. Esta semana se acumularon seis causas m\u00e1s de empleados en la misma condici\u00f3n y hay m\u00e1s &#8220;en espera&#8221;.<\/p>\n\n\n\n<p>Con la imputaci\u00f3n de\u00a0<strong>Ver\u00f3n<\/strong>, la saga de imputados, denunciados y acusados por diversos delitos en la Municipalidad ya llega a\u00a0<strong>Daniel Orozco<\/strong>\u00a0(acusado de encubrir un abuso sexual y de abuso de autoridad),\u00a0<strong>Janina Ortiz\u00a0<\/strong>(lo mismo que su pareja, m\u00e1s coacci\u00f3n agravada),\u00a0<strong>Franco Cortez<\/strong>\u00a0(abuso sexual con acceso carnal),\u00a0<strong>Guillermo Bustos<\/strong>\u00a0(abuso sexual simple),\u00a0<strong>Patricia Riveros\u00a0<\/strong>(coacci\u00f3n agravada por uso de arma), Carolina Mur\u00faa (coacci\u00f3n agravada por uso de arma), y ahora, Sergio Ver\u00f3n por abuso de autoridad. A ellos hay que agregar a\u00a0<strong>Osvaldo Oyhenart, Juan Pablo Pandolfi<\/strong>\u00a0y\u00a0<strong>Adri\u00e1n &#8220;El Moco&#8221; P\u00e9rez<\/strong>, acusados de fraude al Estado en su modalidad de estafa en el caso de las cooperativas. Oyhenart es el subsecretario de pol\u00edticas sociales del municipio, y Pandolfi es su yerno.<\/p>\n\n\n\n<p>EL CASO<\/p>\n\n\n\n<p>A esta altura, resulta obvio que la gesti\u00f3n municipal de Las Heras\u00a0<strong>es un verdadero caos administrativo, pol\u00edtico y funcional<\/strong>. El caso de Sergio Ver\u00f3n imputado por abuso de autoridad, demuestra que se ha\u00a0<em>traspasado<\/em>\u00a0todo tipo de l\u00edmites, al punto de\u00a0<strong>no pagar a empleados por no<\/strong>\u00a0<strong>apoyar a los candidatos del oficialismo local<\/strong>. Ahora, lo que ocurri\u00f3, es que a una empleada llamada\u00a0<strong>Mar\u00eda de los Milagros Bianchi<\/strong>\u00a0no le pagaron los haberes de julio, porque supuestamente no hab\u00eda &#8220;certificaciones&#8221; de su asistencia. El fiscal\u00a0<strong>Juan Carlos Alessandra<\/strong>\u00a0entendi\u00f3 que esta maniobra se encuadraba en el delito de abuso de autoridad, y por eso lo imput\u00f3.<strong>\u00a0Sergio Ver\u00f3n<\/strong>, Director de Capital Humano de la Municipalidad, habr\u00eda ordenado el 18 de julio no pagar ese salario, lo que a criterio del fiscal &#8220;va en contrario al orden jur\u00eddico vigente&#8221;, seg\u00fan la documentaci\u00f3n a la que accedi\u00f3 este diario.<\/p>\n\n\n\n<p>El caso de la empleada municipal\u00a0<strong>Mar\u00eda de Los Milagros Bianchi<\/strong>\u00a0es inconcebible en cualquier lugar de trabajo, y m\u00e1s a\u00fan en la administraci\u00f3n p\u00fablica. La empleada trabaja en la municipalidad desde 2021, tiene 22 a\u00f1os, es estudiante y formalmente es empleada desde hace un a\u00f1o. El asunto es que aunque le emitieron un bono de sueldo en orden por el mes de julio,\u00a0<strong>s\u00f3lo le depositaron un bono de 14.000 pesos por el d\u00eda del ni\u00f1o<\/strong>. Empezaron a pasar los d\u00edas ya de agosto, pregunt\u00f3, volvi\u00f3 a preguntar, hasta que se entrevist\u00f3 con una funcionaria llamada\u00a0<strong>Patricia D\u00edaz<\/strong>, de Tesorer\u00eda, quien tambi\u00e9n declar\u00f3. Y le dijo que le pagar\u00eda con un cheque que ten\u00eda ella misma, pero que deb\u00eda consultar a\u00a0<strong>Sergio Ver\u00f3n<\/strong>\u00a0en Capital Humano. La hicieron esperar, y la respuesta que recibi\u00f3 es de una pel\u00edcula de mafiosos. Seg\u00fan declar\u00f3 la v\u00edctima en la fiscal\u00eda &#8220;&#8230;habl\u00e9 con\u00a0<em>Patricia Diaz<\/em>\u00a0quien es tesorera del Municipio, paso a su oficina le muestro los bonos de sueldo y constata que estaba todo en orden y me dice que mi cheque lo ten\u00eda ella&#8221;. Lo peor vino despu\u00e9s: &#8220;Ella fue hablar con\u00a0<strong>Sergio Ver\u00f3n<\/strong>\u00a0y cuando volvi\u00f3 me dijo que mi situaci\u00f3n era personal y particular conmigo y que mi nombre estaba en una\u00a0<strong>lista negra<\/strong>\u00a0de personas a las que no quer\u00edan pagar su sueldo, era una lista de cinco personas, y que esto era por cuestiones pol\u00edticas, por apoyar a un candidato que no est\u00e1 en l\u00ednea con el candidato de la Municipalidad&#8221;. La chica cont\u00f3 luego que hab\u00eda mandado una carta documento al municipio, y d\u00edas despu\u00e9s ampli\u00f3 la denuncia.<\/p>\n\n\n\n<p>a tesorera\u00a0<strong>Patricia D\u00edaz<\/strong>\u00a0tambi\u00e9n declar\u00f3, y aunque confirm\u00f3 que el cheque de la empleada estaba &#8220;retenido&#8221;, dijo no recordar si en la conversaci\u00f3n con la denunciante se habl\u00f3 de &#8220;listas negras&#8221;. S\u00f3lo que la empleada estaba en un &#8220;listado&#8221; de personas que deb\u00edan completar documentaci\u00f3n.<\/p>\n\n\n\n<p>Como resultado de esta saga,\u00a0<strong>Sergio Ver\u00f3n\u00a0<\/strong>fue imputado de abuso de autoridad, engrosando la lista de funcionarios municipales en problemas con la ley.<\/p>\n\n\n\n<p>FUENTE: Mendozapost.<\/p>\n","protected":false},"excerpt":{"rendered":"<p>tro miembro del gabinete de\u00a0Daniel Orozco\u00a0termin\u00f3 imputado por la justicia. Se trata de un ex director de Desarrollo Organizacional y actual subdirector llamado\u00a0Sergio An\u00edbal Ver\u00f3n, acusado de no liquidar sueldos, adicionales y otros rubros salariales a empleados que se negaron a militar en el frente opositor\u00a0La Uni\u00f3n Mendocina, que lleva al intendente\u00a0Daniel Orozco\u00a0como candidato a [&hellip;]<\/p>\n","protected":false},"author":2,"featured_media":1082,"comment_status":"open","ping_status":"open","sticky":true,"template":"","format":"standard","meta":[],"categories":[47],"tags":[],"_links":{"self":[{"href":"https:\/\/pasaenmendoza.com\/index.php?rest_route=\/wp\/v2\/posts\/1081"}],"collection":[{"href":"https:\/\/pasaenmendoza.com\/index.php?rest_route=\/wp\/v2\/posts"}],"about":[{"href":"https:\/\/pasaenmendoza.com\/index.php?rest_route=\/wp\/v2\/types\/post"}],"author":[{"embeddable":true,"href":"https:\/\/pasaenmendoza.com\/index.php?rest_route=\/wp\/v2\/users\/2"}],"replies":[{"embeddable":true,"href":"https:\/\/pasaenmendoza.com\/index.php?rest_route=%2Fwp%2Fv2%2Fcomments&post=1081"}],"version-history":[{"count":1,"href":"https:\/\/pasaenmendoza.com\/index.php?rest_route=\/wp\/v2\/posts\/1081\/revisions"}],"predecessor-version":[{"id":1083,"href":"https:\/\/pasaenmendoza.com\/index.php?rest_route=\/wp\/v2\/posts\/1081\/revisions\/1083"}],"wp:featuredmedia":[{"embeddable":true,"href":"https:\/\/pasaenmendoza.com\/index.php?rest_route=\/wp\/v2\/media\/1082"}],"wp:attachment":[{"href":"https:\/\/pasaenmendoza.com\/index.php?rest_route=%2Fwp%2Fv2%2Fmedia&parent=1081"}],"wp:term":[{"taxonomy":"category","embeddable":true,"href":"https:\/\/pasaenmendoza.com\/index.php?rest_route=%2Fwp%2Fv2%2Fcategories&post=1081"},{"taxonomy":"post_tag","embeddable":true,"href":"https:\/\/pasaenmendoza.com\/index.php?rest_route=%2Fwp%2Fv2%2Ftags&post=1081"}],"curies":[{"name":"wp","href":"https:\/\/api.w.org\/{rel}","templated":true}]}}