{"id":10822,"date":"2025-01-02T14:29:59","date_gmt":"2025-01-02T13:29:59","guid":{"rendered":"https:\/\/pasaenmendoza.com\/?p=10822"},"modified":"2025-01-02T14:30:00","modified_gmt":"2025-01-02T13:30:00","slug":"pronostico-del-tiempo-en-mendoza-calor-extremo-y-alerta-por-tormentas","status":"publish","type":"post","link":"https:\/\/pasaenmendoza.com\/?p=10822","title":{"rendered":"Pron\u00f3stico del tiempo en Mendoza: calor extremo y alerta por tormentas"},"content":{"rendered":"\n<p>En un verano con olas de\u00a0<strong>calor<\/strong>, no se puede esperar menos de 33\u00b0 de temperatura m\u00e1xima para este inicio de a\u00f1o, de acuerdo al\u00a0<strong>pron\u00f3stico del tiempo en Mendoza<\/strong>. Esta primera semana del 2025 estar\u00e1 marcada por jornadas agobiantes y para este jueves hay\u00a0<strong>alerta por tormentas<\/strong>\u00a0con posible ca\u00edda de granizo.<\/p>\n\n\n\n<p>Este jueves 2 de enero el cielo estar\u00e1 algo nublado, y el d\u00eda se transitar\u00e1 con una\u00a0<strong>temperatura<\/strong>\u00a0m\u00ednima de 21\u00b0 y una m\u00e1xima de 33\u00b0. Habr\u00e1 que prepararse para lo que viene, ya que el\u00a0<strong>calor\u00a0<\/strong>agobiante se sentir\u00e1 por lo menos hasta el pr\u00f3ximo mi\u00e9rcoles.<\/p>\n\n\n\n<p>Un leve viento que circular\u00e1 desde el Nordeste de la regi\u00f3n de Cuyo no aportar\u00e1 mucho como para apagar los ventiladores en casa, y de hecho contribuir\u00e1 al calor agobiante.<\/p>\n\n\n\n<p>En tanto, este viernes la&nbsp;<strong>temperatura&nbsp;<\/strong>m\u00e1xima podr\u00eda llegar hasta los 35\u00b0, y para el s\u00e1bado alcanzar\u00eda los 36\u00b0.<\/p>\n\n\n\n<p>En alta monta\u00f1a estar\u00e1 inestable, aunque no obstante\u00a0el paso a Chile se encuentra habilitado las 24 horas\u00a0para todo tipo de veh\u00edculos.<\/p>\n\n\n\n<h2 class=\"wp-block-heading\">Pron\u00f3stico del tiempo con alerta por calor y tormentas<\/h2>\n\n\n\n<p>La\u00a0<strong>alerta meteorol\u00f3gica<\/strong>\u00a0por temperaturas extremas de 35\u00b0 a 37\u00b0\u00a0se emiti\u00f3 este jueves desde el SMN.<\/p>\n\n\n\n<p>Asimismo, la Direcci\u00f3n de Contingencias de Mendoza comunic\u00f3 una alerta amarilla para la tarde por la ocurrencia de\u00a0<strong>tormentas<\/strong>\u00a0en el Gran Mendoza y norte del Valle de Uco. A la noche, la probabilidad de lluvias llega a la zona Este.<\/p>\n\n\n\n<p>No se descarta posible\u00a0<strong>ca\u00edda de granizo<\/strong>.<\/p>\n\n\n\n<p><strong>Fuente: www.diariouno.com.ar<\/strong><\/p>\n","protected":false},"excerpt":{"rendered":"<p>En un verano con olas de\u00a0calor, no se puede esperar menos de 33\u00b0 de temperatura m\u00e1xima para este inicio de a\u00f1o, de acuerdo al\u00a0pron\u00f3stico del tiempo en Mendoza. Esta primera semana del 2025 estar\u00e1 marcada por jornadas agobiantes y para este jueves hay\u00a0alerta por tormentas\u00a0con posible ca\u00edda de granizo. Este jueves 2 de enero el [&hellip;]<\/p>\n","protected":false},"author":2,"featured_media":10823,"comment_status":"open","ping_status":"open","sticky":false,"template":"","format":"standard","meta":[],"categories":[52],"tags":[],"_links":{"self":[{"href":"https:\/\/pasaenmendoza.com\/index.php?rest_route=\/wp\/v2\/posts\/10822"}],"collection":[{"href":"https:\/\/pasaenmendoza.com\/index.php?rest_route=\/wp\/v2\/posts"}],"about":[{"href":"https:\/\/pasaenmendoza.com\/index.php?rest_route=\/wp\/v2\/types\/post"}],"author":[{"embeddable":true,"href":"https:\/\/pasaenmendoza.com\/index.php?rest_route=\/wp\/v2\/users\/2"}],"replies":[{"embeddable":true,"href":"https:\/\/pasaenmendoza.com\/index.php?rest_route=%2Fwp%2Fv2%2Fcomments&post=10822"}],"version-history":[{"count":1,"href":"https:\/\/pasaenmendoza.com\/index.php?rest_route=\/wp\/v2\/posts\/10822\/revisions"}],"predecessor-version":[{"id":10824,"href":"https:\/\/pasaenmendoza.com\/index.php?rest_route=\/wp\/v2\/posts\/10822\/revisions\/10824"}],"wp:featuredmedia":[{"embeddable":true,"href":"https:\/\/pasaenmendoza.com\/index.php?rest_route=\/wp\/v2\/media\/10823"}],"wp:attachment":[{"href":"https:\/\/pasaenmendoza.com\/index.php?rest_route=%2Fwp%2Fv2%2Fmedia&parent=10822"}],"wp:term":[{"taxonomy":"category","embeddable":true,"href":"https:\/\/pasaenmendoza.com\/index.php?rest_route=%2Fwp%2Fv2%2Fcategories&post=10822"},{"taxonomy":"post_tag","embeddable":true,"href":"https:\/\/pasaenmendoza.com\/index.php?rest_route=%2Fwp%2Fv2%2Ftags&post=10822"}],"curies":[{"name":"wp","href":"https:\/\/api.w.org\/{rel}","templated":true}]}}