{"id":10828,"date":"2025-01-02T14:38:13","date_gmt":"2025-01-02T13:38:13","guid":{"rendered":"https:\/\/pasaenmendoza.com\/?p=10828"},"modified":"2025-01-02T14:38:14","modified_gmt":"2025-01-02T13:38:14","slug":"detuvieron-a-cuatro-penitenciarios-condenados-por-torturar-a-un-preso-en-san-felipe","status":"publish","type":"post","link":"https:\/\/pasaenmendoza.com\/?p=10828","title":{"rendered":"Detuvieron a cuatro penitenciarios condenados por torturar a un preso en San Felipe"},"content":{"rendered":"\n<p>Cuatro\u00a0<strong>penitenciarios\u00a0<\/strong>fueron detenidos en los \u00faltimos d\u00edas del 2024 luego que la Corte nacional confirmara una condena por haber cometido una\u00a0<strong>tortura<\/strong>\u00a0a un preso en la c\u00e1rcel de\u00a0<strong>San Felipe<\/strong>. Los agentes ahora deber\u00e1n cumplir una pena de 10 a\u00f1os de prisi\u00f3n.<\/p>\n\n\n\n<p>A mediados de diciembre pasado, luego de un largo periplo judicial, la Corte Suprema de Justicia de la Naci\u00f3n rechaz\u00f3 un recurso de queja que presentaron los agentes&nbsp;<strong>penitenciarios.<\/strong>&nbsp;De esta forma, dej\u00f3 firme la condena a 10 a\u00f1os de prisi\u00f3n que se hab\u00eda conocido en el juicio que se realiz\u00f3 en 2019.<\/p>\n\n\n\n<p>Tras esa decisi\u00f3n de la Corte, el expediente por\u00a0<strong>tortura<\/strong>\u00a0volvi\u00f3 a un Tribunal local integrado por los jueces Bel\u00e9n Salido, Agust\u00edn Chac\u00f3n y Mauro Perassi. Estos \u00faltimos ordenaron la inmediata detenci\u00f3n y el cumplimiento de la pena en la c\u00e1rcel.<\/p>\n\n\n\n<p>As\u00ed fueron capturados<strong>&nbsp;Jonathan Edgardo Bizaguirre (37), Germ\u00e1n Orlando N\u00fa\u00f1ez (38), Jos\u00e9 Alejando Arredondo (42) y Edgardo Yoel Quero (35)&nbsp;<\/strong>en los \u00faltimos d\u00edas. Incluso uno de ellos tuvo un intento de quitarse la vida, seg\u00fan comunicaron fuentes judiciales.<\/p>\n\n\n\n<p>De esta forma resta atrapar a los&nbsp;<strong>penitenciarios Daniel Adri\u00e1n Per\u00f3n (45)<\/strong>, que se encuentra en calidad de pr\u00f3fugo desde hace varios meses, y<strong>&nbsp;Luis Alejandro D\u2019ambrosio (37)<\/strong>, quien present\u00f3 un recurso aparte y la Corte todav\u00eda no se expide al respecto.<\/p>\n\n\n\n<h2 class=\"wp-block-heading\">Tortura en San Felipe<\/h2>\n\n\n\n<p>En 2011 la organizaci\u00f3n Xumek denunci\u00f3 y present\u00f3 unos videos donde agentes&nbsp;<strong>penitenciarios<\/strong>&nbsp;golpeaban y agred\u00edan a un preso dentro del complejo&nbsp;<strong>San Felipe<\/strong>.<\/p>\n\n\n\n<p>En las im\u00e1genes se ve\u00eda a la v\u00edctima arrodillada, esposada o atada a una ventana, mientras los uniformados le propinaban golpes de pu\u00f1o y patadas.<\/p>\n\n\n\n<p>Mientras lo atacaban le dec\u00edan frases como &#8220;la ratita que boconea al personal&#8221;, &#8220;est\u00e1 atado como un perro&#8221;, &#8220;salta violeta&#8221; y &#8220;el boc\u00f3n de los milicos&#8221;.<\/p>\n\n\n\n<p>Durante el juicio en contra de los&nbsp;<strong>penitenciarios,<\/strong>&nbsp;los abogados defensores argumentaron que el video no serv\u00eda como prueba y que, en todo caso, no estaba claro si es quien declar\u00f3 era la misma persona que figuraba en las im\u00e1genes.<\/p>\n\n\n\n<p>Sin embargo, quedaron complicados no s\u00f3lo por el video que se viraliz\u00f3 sino tambi\u00e9n por la declaraci\u00f3n de la propia v\u00edctima -ya est\u00e1 en libertad tras cumplir su condena- quien ratific\u00f3 las agresiones.<\/p>\n\n\n\n<p><strong>Fuente: www.diariouno.com.ar<\/strong><\/p>\n","protected":false},"excerpt":{"rendered":"<p>Cuatro\u00a0penitenciarios\u00a0fueron detenidos en los \u00faltimos d\u00edas del 2024 luego que la Corte nacional confirmara una condena por haber cometido una\u00a0tortura\u00a0a un preso en la c\u00e1rcel de\u00a0San Felipe. Los agentes ahora deber\u00e1n cumplir una pena de 10 a\u00f1os de prisi\u00f3n. A mediados de diciembre pasado, luego de un largo periplo judicial, la Corte Suprema de Justicia [&hellip;]<\/p>\n","protected":false},"author":2,"featured_media":10829,"comment_status":"open","ping_status":"open","sticky":false,"template":"","format":"standard","meta":[],"categories":[48],"tags":[],"_links":{"self":[{"href":"https:\/\/pasaenmendoza.com\/index.php?rest_route=\/wp\/v2\/posts\/10828"}],"collection":[{"href":"https:\/\/pasaenmendoza.com\/index.php?rest_route=\/wp\/v2\/posts"}],"about":[{"href":"https:\/\/pasaenmendoza.com\/index.php?rest_route=\/wp\/v2\/types\/post"}],"author":[{"embeddable":true,"href":"https:\/\/pasaenmendoza.com\/index.php?rest_route=\/wp\/v2\/users\/2"}],"replies":[{"embeddable":true,"href":"https:\/\/pasaenmendoza.com\/index.php?rest_route=%2Fwp%2Fv2%2Fcomments&post=10828"}],"version-history":[{"count":1,"href":"https:\/\/pasaenmendoza.com\/index.php?rest_route=\/wp\/v2\/posts\/10828\/revisions"}],"predecessor-version":[{"id":10830,"href":"https:\/\/pasaenmendoza.com\/index.php?rest_route=\/wp\/v2\/posts\/10828\/revisions\/10830"}],"wp:featuredmedia":[{"embeddable":true,"href":"https:\/\/pasaenmendoza.com\/index.php?rest_route=\/wp\/v2\/media\/10829"}],"wp:attachment":[{"href":"https:\/\/pasaenmendoza.com\/index.php?rest_route=%2Fwp%2Fv2%2Fmedia&parent=10828"}],"wp:term":[{"taxonomy":"category","embeddable":true,"href":"https:\/\/pasaenmendoza.com\/index.php?rest_route=%2Fwp%2Fv2%2Fcategories&post=10828"},{"taxonomy":"post_tag","embeddable":true,"href":"https:\/\/pasaenmendoza.com\/index.php?rest_route=%2Fwp%2Fv2%2Ftags&post=10828"}],"curies":[{"name":"wp","href":"https:\/\/api.w.org\/{rel}","templated":true}]}}