{"id":10832,"date":"2025-01-02T15:17:49","date_gmt":"2025-01-02T14:17:49","guid":{"rendered":"https:\/\/pasaenmendoza.com\/?p=10832"},"modified":"2025-01-02T15:17:50","modified_gmt":"2025-01-02T14:17:50","slug":"luciano-cabral-fue-anunciado-en-independiente-a-ocho-anos-del-crimen-por-el-que-fue-condenado","status":"publish","type":"post","link":"https:\/\/pasaenmendoza.com\/?p=10832","title":{"rendered":"Luciano Cabral fue anunciado en Independiente a ocho a\u00f1os del crimen por el que fue condenado"},"content":{"rendered":"\n<p>Hace exactamente ocho a\u00f1os, en medio de los festejos de<strong>\u00a0A\u00f1o Nuevo<\/strong>\u00a0en 2017,\u00a0<strong>Joan Villegas\u00a0<\/strong>(27) fue asesinado a golpes en\u00a0<strong>General Alvear<\/strong>. Desde el inicio de la investigaci\u00f3n, el caso tom\u00f3 relevancia nacional, ya que uno de los principales sospechosos era futbolista mendocino<strong>\u00a0Luciano Cabral<\/strong>\u00a0(29), quien por aquel entonces jugaba en el\u00a0<strong>Atl\u00e9tico Paranaense<\/strong>\u00a0<strong>de Brasil\u00a0<\/strong>y atravesaba un gran momento en su carrera. El mediocampista nacionalizado chileno termin\u00f3 detenido y\u00a0luego\u00a0<strong>condenado a 9 a\u00f1os y 6 meses de prisi\u00f3n<\/strong>.<\/p>\n\n\n\n<p>Coincidiendo con la misma fecha en la que fue perpetrado el hecho de sangre por el que fue sentenciado y que cambi\u00f3 para siempre su trayectoria deportiva, Cabral fue anunciado este mi\u00e9rcoles como nuevo jugador de\u00a0<strong>Independiente de Avellaneda<\/strong>.<\/p>\n\n\n\n<p><em>\u201cEl Club adquiri\u00f3 el 70% de su ficha y llega proveniente del Le\u00f3n de M\u00e9xico, con un contrato hasta diciembre de 2027. \u00a1Bienvenido al Rey de Copas, Lucho!\u201d<\/em>, public\u00f3 el Rojo en sus redes sociales oficiales.<\/p>\n\n\n\n<p>M\u00e1s all\u00e1 del reinicio de su carrera futbol\u00edstica, con pasos por&nbsp;<strong>Coquimbo Unido de Chile&nbsp;<\/strong>y&nbsp;<strong>Club Le\u00f3n de M\u00e9xico<\/strong>&nbsp;y hasta una convocatoria a la<strong>&nbsp;selecci\u00f3n chilena&nbsp;<\/strong>por<strong>&nbsp;Eliminatorias Sudamericanas<\/strong>, Cabral permanece con&nbsp;<strong>libertad condicional<\/strong>, ya que todav\u00eda no termin\u00f3 de purgar la pena que le impusieron como coautor del delito de&nbsp;<strong>homicidio simple<\/strong>.<\/p>\n\n\n\n<p>Incluso, hace poco m\u00e1s de tres meses particip\u00f3 de una audiencia de\u00a0<strong>Ejecuci\u00f3n Condicional\u00a0<\/strong>mediante videoconferencia desde\u00a0<strong>Le\u00f3n, M\u00e9xico<\/strong>, donde se encontraba jugando en ese entonces.<\/p>\n\n\n\n<p>En esa oportunidad, el<strong>\u00a0juez Luis Ojeda\u00a0<\/strong>resolvi\u00f3 que Cabral deb\u00eda seguir cumpliendo con las condiciones que se le impusieron al recuperar la libertad, all\u00e1 por septiembre de 2022, luego de pasar cinco a\u00f1os tras las rejas. Uno de los requisitos que le hab\u00eda fijado el mismo magistrado fue que\u00a0no pueda ingresar a<strong>\u00a0General Alvear<\/strong>, departamento del cual es oriundo, con el objetivo de que no mantuviera ning\u00fan tipo de contacto con la familia de<strong>\u00a0Joan Villegas<\/strong>.<\/p>\n\n\n\n<p>M\u00e1s all\u00e1 de eso, desde hace tiempo la defensa de Cabral viene intentando&nbsp;<em>\u201cablandar\u201d&nbsp;<\/em>esas condiciones, pero el&nbsp;<strong>juez Ojeda&nbsp;<\/strong>se ha mantenido firme en su postura. Un nuevo cap\u00edtulo de la situaci\u00f3n de Cabral en la Justicia mendocina se deb\u00eda desarrollar en noviembre, pero el futbolista no pudo estar presente de manera virtual&nbsp;<em>\u201cpor motivos laborales\u201d<\/em>&nbsp;y a\u00fan no se fij\u00f3 una nueva fecha para realizar la audiencia, explicaron fuentes judiciales.<\/p>\n\n\n\n<h2 class=\"wp-block-heading\" id=\"h-crimen-en-ano-nuevo\">Crimen en A\u00f1o Nuevo<\/h2>\n\n\n\n<p>Joan Villegas (27) fue encontrado asesinado\u00a0el 1 de enero de 2017 en calle Chacabuco de Alvear. Su cuerpo presentaba importantes lesiones en su cuerpo. Una de ellas, en la cabeza, le ocasion\u00f3 fractura de cr\u00e1neo.<\/p>\n\n\n\n<p>Durante la investigaci\u00f3n se comprob\u00f3 que el joven, que formaba parte de una conocida murga del departamento, hab\u00eda ido con un amigo a comprar bebidas cuando se encontr\u00f3 con cinco hombres.<\/p>\n\n\n\n<p>Con ellos comenz\u00f3 una ri\u00f1a y los sujetos lo redujeron a golpes. Uno de los agresores lo atac\u00f3 con un trozo de escombro, lo que le caus\u00f3 heridas fatales.<\/p>\n\n\n\n<p>La familia de Villegas sindic\u00f3 a\u00a0los Cabral como autores del crimen\u00a0del joven. Es m\u00e1s, la madre sostuvo que el problema est\u00e1 relacionado con las drogas: \u201cLo hab\u00edan amenazado dos meses antes y no le dimos importancia\u201d, dijo<strong>\u00a0Mar\u00eda \u00c1ngeles Gualpa<\/strong>\u00a0a\u00a0<strong><em>El Sol<\/em><\/strong>\u00a0d\u00edas despu\u00e9s del hecho de sangre. \u00a0<\/p>\n\n\n\n<p><strong>Luciano Cabral&nbsp;<\/strong>qued\u00f3 complicado en el expediente a partir de las pruebas que se fueron incorporando con los primeros avances en la instrucci\u00f3n, motivo por el cual se solicit\u00f3 su captura y termin\u00f3 entreg\u00e1ndose a la Justicia el 4 de enero de ese a\u00f1o.<\/p>\n\n\n\n<p>Cerca de un a\u00f1o y medio despu\u00e9s, el 4 de junio de 2018, un\u00a0<strong>Tribunal Colegiado Penal\u00a0<\/strong>integrado por\u00a0<strong>Ariel Hern\u00e1ndez, Julio Bittar y Carlos Parma<\/strong>\u00a0lo conden\u00f3 como coautor del asesinato de Villegas. En el debate tambi\u00e9n fueron sentenciados su padre,\u00a0<strong>Jos\u00e9 el\u00a0<em>Mono\u00a0<\/em>Cabral<\/strong>\u00a0y\u00a0<strong>Axel Olgu\u00edn<\/strong>, a 16 y 8 a\u00f1os de prisi\u00f3n, respectivamente.<\/p>\n\n\n\n<p><strong>Fuente: www.elsol.com.ar<\/strong><\/p>\n","protected":false},"excerpt":{"rendered":"<p>Hace exactamente ocho a\u00f1os, en medio de los festejos de\u00a0A\u00f1o Nuevo\u00a0en 2017,\u00a0Joan Villegas\u00a0(27) fue asesinado a golpes en\u00a0General Alvear. Desde el inicio de la investigaci\u00f3n, el caso tom\u00f3 relevancia nacional, ya que uno de los principales sospechosos era futbolista mendocino\u00a0Luciano Cabral\u00a0(29), quien por aquel entonces jugaba en el\u00a0Atl\u00e9tico Paranaense\u00a0de Brasil\u00a0y atravesaba un gran momento en [&hellip;]<\/p>\n","protected":false},"author":2,"featured_media":10833,"comment_status":"open","ping_status":"open","sticky":false,"template":"","format":"standard","meta":[],"categories":[48],"tags":[],"_links":{"self":[{"href":"https:\/\/pasaenmendoza.com\/index.php?rest_route=\/wp\/v2\/posts\/10832"}],"collection":[{"href":"https:\/\/pasaenmendoza.com\/index.php?rest_route=\/wp\/v2\/posts"}],"about":[{"href":"https:\/\/pasaenmendoza.com\/index.php?rest_route=\/wp\/v2\/types\/post"}],"author":[{"embeddable":true,"href":"https:\/\/pasaenmendoza.com\/index.php?rest_route=\/wp\/v2\/users\/2"}],"replies":[{"embeddable":true,"href":"https:\/\/pasaenmendoza.com\/index.php?rest_route=%2Fwp%2Fv2%2Fcomments&post=10832"}],"version-history":[{"count":1,"href":"https:\/\/pasaenmendoza.com\/index.php?rest_route=\/wp\/v2\/posts\/10832\/revisions"}],"predecessor-version":[{"id":10834,"href":"https:\/\/pasaenmendoza.com\/index.php?rest_route=\/wp\/v2\/posts\/10832\/revisions\/10834"}],"wp:featuredmedia":[{"embeddable":true,"href":"https:\/\/pasaenmendoza.com\/index.php?rest_route=\/wp\/v2\/media\/10833"}],"wp:attachment":[{"href":"https:\/\/pasaenmendoza.com\/index.php?rest_route=%2Fwp%2Fv2%2Fmedia&parent=10832"}],"wp:term":[{"taxonomy":"category","embeddable":true,"href":"https:\/\/pasaenmendoza.com\/index.php?rest_route=%2Fwp%2Fv2%2Fcategories&post=10832"},{"taxonomy":"post_tag","embeddable":true,"href":"https:\/\/pasaenmendoza.com\/index.php?rest_route=%2Fwp%2Fv2%2Ftags&post=10832"}],"curies":[{"name":"wp","href":"https:\/\/api.w.org\/{rel}","templated":true}]}}