{"id":10835,"date":"2025-01-02T22:10:58","date_gmt":"2025-01-02T21:10:58","guid":{"rendered":"https:\/\/pasaenmendoza.com\/?p=10835"},"modified":"2025-01-02T22:10:59","modified_gmt":"2025-01-02T21:10:59","slug":"abel-pintos-cantara-en-la-vendimia-de-la-ciudad-de-mendoza-2025-cuando-y-donde-sera","status":"publish","type":"post","link":"https:\/\/pasaenmendoza.com\/?p=10835","title":{"rendered":"Abel Pintos cantar\u00e1 en la Vendimia de la Ciudad de Mendoza 2025: cu\u00e1ndo y d\u00f3nde ser\u00e1"},"content":{"rendered":"\n<p>La&nbsp;<strong>Ciudad de Mendoza<\/strong>&nbsp;se prepara para vivir una Fiesta departamental de la Vendimia a lo grande que no solo incluir\u00e1 la presencia de cientos artistas locales, sino que tambi\u00e9n contar\u00e1 con la presencia estelar de&nbsp;<strong>Abel Pintos<\/strong>.<\/p>\n\n\n\n<p>Tras batir el r\u00e9cord de 34 Luna Park junto a Luciano Pereyra, el artista ofrecer\u00e1 un emocionante espect\u00e1culo para cerrar a lo grande una&nbsp;<strong>nueva Vendimia en Ciudad<\/strong>.&nbsp;<strong>El show de Pintos est\u00e1 previsto para el s\u00e1bado 8 de febrero, en el Parque C\u00edvico, con entrada libre.<\/strong><\/p>\n\n\n\n<p>Desde Ciudad aclararon que la presencia del bahiense en Mendoza y la realizaci\u00f3n de la Fiesta es posible gracias a una<strong>\u00a0articulaci\u00f3n p\u00fablico-privada<\/strong>, a cargo de\u00a0<strong>importantes sponsors<\/strong>\u00a0como: Banco Galicia, Villavicencio y Huentala, entre otros.<\/p>\n\n\n\n<h2 class=\"wp-block-heading\" id=\"h-maridaje-magico-en-la-ciudad\">\u201cMaridaje m\u00e1gico\u201d, en la Ciudad<\/h2>\n\n\n\n<p>Previo a la presentaci\u00f3n de Pintos, mendocinos y turistas podr\u00e1n disfrutar de \u201c<strong>Maridaje m\u00e1gico\u201d<\/strong>, nombre de la Fiesta de la Vendimia de la Ciudad de Mendoza, que se realizar\u00e1 el viernes 7 de febrero, en el mismo predio capitalino.<\/p>\n\n\n\n<p><strong><em>\u201cMaridaje m\u00e1gico\u201d<\/em><\/strong>\u00a0inicia con un majestuoso brindis que dar\u00e1 el puntapi\u00e9 a la celebraci\u00f3n e interpelar\u00e1 al p\u00fablico con algunas preguntas: \u00bfHan imaginado alguna vez lo que sucede cuando una viner\u00eda de Ciudad cierra sus puertas al final del d\u00eda? \u00bfQu\u00e9 acontecer\u00e1 cuando, a trav\u00e9s de sus ventanas, los rayos de la Luna invitan al convite a las miles de etiquetas que posan en sus estanter\u00edas?<\/p>\n\n\n\n<p>Conducir\u00e1 a los espectadores a reflexionar sobre la&nbsp;<strong>importancia de los vinos<\/strong>, los motivos identitarios de su presencia en el desandar de los tiempos y las personalidades que forjaron su blend.<\/p>\n\n\n\n<p>Las variedades org\u00e1nicas, el Malbec, Bonarda, Cabernet Sauvignon, Cecchin, Merlot, Syrah, Pinot Noir, Semill\u00f3n, Chardonnay, Torront\u00e9s y Chenin blanc, har\u00e1n viajar a los presentes hacia la m\u00edstica que s\u00f3lo se percibe cuando se maridan en los momentos trascendentales de la\u00a0<strong>Ciudad de Mendoza.<\/strong><\/p>\n\n\n\n<p><strong>Fuente: www.elsol.com.ar<\/strong><\/p>\n","protected":false},"excerpt":{"rendered":"<p>La&nbsp;Ciudad de Mendoza&nbsp;se prepara para vivir una Fiesta departamental de la Vendimia a lo grande que no solo incluir\u00e1 la presencia de cientos artistas locales, sino que tambi\u00e9n contar\u00e1 con la presencia estelar de&nbsp;Abel Pintos. Tras batir el r\u00e9cord de 34 Luna Park junto a Luciano Pereyra, el artista ofrecer\u00e1 un emocionante espect\u00e1culo para cerrar [&hellip;]<\/p>\n","protected":false},"author":2,"featured_media":10836,"comment_status":"open","ping_status":"open","sticky":false,"template":"","format":"standard","meta":[],"categories":[74],"tags":[],"_links":{"self":[{"href":"https:\/\/pasaenmendoza.com\/index.php?rest_route=\/wp\/v2\/posts\/10835"}],"collection":[{"href":"https:\/\/pasaenmendoza.com\/index.php?rest_route=\/wp\/v2\/posts"}],"about":[{"href":"https:\/\/pasaenmendoza.com\/index.php?rest_route=\/wp\/v2\/types\/post"}],"author":[{"embeddable":true,"href":"https:\/\/pasaenmendoza.com\/index.php?rest_route=\/wp\/v2\/users\/2"}],"replies":[{"embeddable":true,"href":"https:\/\/pasaenmendoza.com\/index.php?rest_route=%2Fwp%2Fv2%2Fcomments&post=10835"}],"version-history":[{"count":1,"href":"https:\/\/pasaenmendoza.com\/index.php?rest_route=\/wp\/v2\/posts\/10835\/revisions"}],"predecessor-version":[{"id":10837,"href":"https:\/\/pasaenmendoza.com\/index.php?rest_route=\/wp\/v2\/posts\/10835\/revisions\/10837"}],"wp:featuredmedia":[{"embeddable":true,"href":"https:\/\/pasaenmendoza.com\/index.php?rest_route=\/wp\/v2\/media\/10836"}],"wp:attachment":[{"href":"https:\/\/pasaenmendoza.com\/index.php?rest_route=%2Fwp%2Fv2%2Fmedia&parent=10835"}],"wp:term":[{"taxonomy":"category","embeddable":true,"href":"https:\/\/pasaenmendoza.com\/index.php?rest_route=%2Fwp%2Fv2%2Fcategories&post=10835"},{"taxonomy":"post_tag","embeddable":true,"href":"https:\/\/pasaenmendoza.com\/index.php?rest_route=%2Fwp%2Fv2%2Ftags&post=10835"}],"curies":[{"name":"wp","href":"https:\/\/api.w.org\/{rel}","templated":true}]}}