{"id":1084,"date":"2023-08-31T15:28:34","date_gmt":"2023-08-31T13:28:34","guid":{"rendered":"https:\/\/pasaenmendoza.com\/?p=1084"},"modified":"2023-08-31T15:28:35","modified_gmt":"2023-08-31T13:28:35","slug":"pronostico-en-mendoza-descenso-de-la-temperatura-y-regresa-el-zonda","status":"publish","type":"post","link":"https:\/\/pasaenmendoza.com\/?p=1084","title":{"rendered":"Pron\u00f3stico en Mendoza: descenso de la temperatura y regresa el Zonda"},"content":{"rendered":"\n<p><em>\u201cAlgo nublado con descenso de la temperatura, vientos leves del sector sur rotando al noreste\u201d,\u00a0<\/em>es lo que indica la\u00a0<strong>Direcci\u00f3n de Contingencias Clim\u00e1ticas\u00a0<\/strong>para este\u00a0<strong>jueves,<\/strong>\u00a0\u00faltimo d\u00eda de agosto.<mark>\u00a0La m\u00ednima ser\u00e1 de 5 grados y la m\u00e1xima llegar\u00eda a los 18.<\/mark><\/p>\n\n\n\n<p>Para el\u00a0<strong>viernes<\/strong>\u00a0se prev\u00e9 cielo algo nublado con ascenso de la temperatura, vientos moderados del sudeste. Adem\u00e1s se anuncia\u00a0<mark><strong>Zonda en altura\u00a0<\/strong>y nevadas en cordillera. La m\u00ednima ser\u00e1 de 7 grados y la m\u00e1xima de 23.<\/mark><\/p>\n\n\n\n<p>El\u00a0<strong>s\u00e1bado<\/strong>\u00a0<mark>ingresa un frente fr\u00edo<\/mark>\u00a0que har\u00e1 descender los registros t\u00e9rmicos. El cielo estar\u00e1 mayormente nublado y vientos moderados del sector sur. Nevadas en cordillera.\u00a0<mark>La m\u00ednima ser\u00e1 10 grados y la m\u00e1xima de 13, poca amplitud t\u00e9rmica.<\/mark><\/p>\n\n\n\n<p>En tanto el\u00a0<strong>domingo<\/strong>\u00a0se presentar\u00e1 con cielo parcialmente nublado, ascenso de la temperatura, vientos moderados del sudeste. Inestable en cordillera.\u00a0<mark>La m\u00ednima ser\u00e1 de 7 grados y la m\u00e1xima de 16.<\/mark><\/p>\n\n\n\n<p><strong>La situaci\u00f3n en alta monta\u00f1a<\/strong><\/p>\n\n\n\n<p>El\u00a0<strong>Sistema Integrado Cristo Redentor<\/strong>\u00a0se encuentra<mark>\u00a0habilitado<\/mark>\u00a0para todo tipo de veh\u00edculo, de 9 a 21.<\/p>\n\n\n\n<p>El\u00a0<strong>paso a Chile<\/strong>\u00a0est\u00e1\u00a0<mark>cerrado<\/mark>\u00a0por tiempo indeterminado.<\/p>\n\n\n\n<p><strong>Fuente: www.elsol.com.ar<\/strong><\/p>\n","protected":false},"excerpt":{"rendered":"<p>\u201cAlgo nublado con descenso de la temperatura, vientos leves del sector sur rotando al noreste\u201d,\u00a0es lo que indica la\u00a0Direcci\u00f3n de Contingencias Clim\u00e1ticas\u00a0para este\u00a0jueves,\u00a0\u00faltimo d\u00eda de agosto.\u00a0La m\u00ednima ser\u00e1 de 5 grados y la m\u00e1xima llegar\u00eda a los 18. Para el\u00a0viernes\u00a0se prev\u00e9 cielo algo nublado con ascenso de la temperatura, vientos moderados del sudeste. Adem\u00e1s se [&hellip;]<\/p>\n","protected":false},"author":2,"featured_media":1085,"comment_status":"open","ping_status":"open","sticky":false,"template":"","format":"standard","meta":[],"categories":[52],"tags":[],"_links":{"self":[{"href":"https:\/\/pasaenmendoza.com\/index.php?rest_route=\/wp\/v2\/posts\/1084"}],"collection":[{"href":"https:\/\/pasaenmendoza.com\/index.php?rest_route=\/wp\/v2\/posts"}],"about":[{"href":"https:\/\/pasaenmendoza.com\/index.php?rest_route=\/wp\/v2\/types\/post"}],"author":[{"embeddable":true,"href":"https:\/\/pasaenmendoza.com\/index.php?rest_route=\/wp\/v2\/users\/2"}],"replies":[{"embeddable":true,"href":"https:\/\/pasaenmendoza.com\/index.php?rest_route=%2Fwp%2Fv2%2Fcomments&post=1084"}],"version-history":[{"count":1,"href":"https:\/\/pasaenmendoza.com\/index.php?rest_route=\/wp\/v2\/posts\/1084\/revisions"}],"predecessor-version":[{"id":1086,"href":"https:\/\/pasaenmendoza.com\/index.php?rest_route=\/wp\/v2\/posts\/1084\/revisions\/1086"}],"wp:featuredmedia":[{"embeddable":true,"href":"https:\/\/pasaenmendoza.com\/index.php?rest_route=\/wp\/v2\/media\/1085"}],"wp:attachment":[{"href":"https:\/\/pasaenmendoza.com\/index.php?rest_route=%2Fwp%2Fv2%2Fmedia&parent=1084"}],"wp:term":[{"taxonomy":"category","embeddable":true,"href":"https:\/\/pasaenmendoza.com\/index.php?rest_route=%2Fwp%2Fv2%2Fcategories&post=1084"},{"taxonomy":"post_tag","embeddable":true,"href":"https:\/\/pasaenmendoza.com\/index.php?rest_route=%2Fwp%2Fv2%2Ftags&post=1084"}],"curies":[{"name":"wp","href":"https:\/\/api.w.org\/{rel}","templated":true}]}}