{"id":10841,"date":"2025-01-02T22:27:08","date_gmt":"2025-01-02T21:27:08","guid":{"rendered":"https:\/\/pasaenmendoza.com\/?p=10841"},"modified":"2025-01-02T22:27:09","modified_gmt":"2025-01-02T21:27:09","slug":"aumento-20-la-cantidad-de-mendocinos-que-vacacionan-en-chile-y-la-terminal-ya-es-un-hervidero","status":"publish","type":"post","link":"https:\/\/pasaenmendoza.com\/?p=10841","title":{"rendered":"Aument\u00f3 20% la cantidad de mendocinos que vacacionan en Chile y la Terminal ya es un hervidero"},"content":{"rendered":"\n<p>La cantidad de mendocinos que viajan a\u00a0<strong>Chile<\/strong>\u00a0aument\u00f3 20% en diciembre \u00faltimo respecto del mismo mes de 2023, informaron desde la\u00a0<strong>Terminal de \u00d3mnibus de Mendoza<\/strong>.<\/p>\n\n\n\n<p>Este jueves 2 de enero a primera hora de la ma\u00f1ana, las plataformas del edificio estaban atestadas de viajeros listos para partir a Vi\u00f1a del Mar o Santiago de&nbsp;<strong>Chile&nbsp;<\/strong>en plan de vacaciones y de compras.<\/p>\n\n\n\n<p>El cambio de moneda favorable para los argentinos redunda en\u00a0<strong>precios convenientes<\/strong>\u00a0para productos de distintos rubros. Y los alojamientos y la comida del otro lado de la cordillera de los Andes son algunos de los puntos fuertes.<\/p>\n\n\n\n<h2 class=\"wp-block-heading\">Mayor demanda para ir a Chile de vacaciones<\/h2>\n\n\n\n<p>&#8220;La mayor cantidad de venta de pasajes y de consultas son para ir a\u00a0<strong>Chile<\/strong>&#8220;, explic\u00f3 Omar Olmos, de la\u00a0<strong>Terminal de \u00d3mnibus de Mendoza<\/strong>.<\/p>\n\n\n\n<p>El&nbsp;<strong>comparativo&nbsp;<\/strong>entre diciembre 2023-diciembre 2024 arroj\u00f3 una cifra importante: 20% m\u00e1s de viajeros.<\/p>\n\n\n\n<p>La contracara son los viajes a la&nbsp;<strong>Costa Atl\u00e1ntica<\/strong>, ya que los guarismos de diciembre 2023 contra diciembre 2024 se han mantenido estables.<\/p>\n\n\n\n<p>Los precios son pr\u00e1cticamente todo;\u00a0el\u00a0<strong>tiempo de viaje<\/strong>\u00a0tambi\u00e9n incide en la toma de decisiones y en las contrataciones.<\/p>\n\n\n\n<h2 class=\"wp-block-heading\">Los precios para ir a Chile y a la Costa Atl\u00e1ntica<\/h2>\n\n\n\n<p>Viajar a&nbsp;<strong>Chile&nbsp;<\/strong>desde Mendoza cuesta desde $35.000. Los precios pueden variar seg\u00fan los horarios de salida, los tipos de butacas y los servicios elegidos a bordo.<\/p>\n\n\n\n<p>Y si de precios hablamos, al momento de planificar las&nbsp;<strong>vacaciones<\/strong>&nbsp;y comparar, viajar a la Costa Atl\u00e1ntica cuesta desde $130.000.<\/p>\n\n\n\n<p>Los colectivos al Pac\u00edfico salen desde Mendoza a primera hora de la ma\u00f1ana. Y ese es otro punto a favor, ya que -con suerte y poco tiempo de espera para hacer aduana- los&nbsp;<strong>viajeros&nbsp;<\/strong>podr\u00e1n darse la primera vueltita por la playa a las 7 de la tarde aproximadamente.<\/p>\n\n\n\n<p>Yendo al Atl\u00e1ntico es distinto: los&nbsp;<strong>micros&nbsp;<\/strong>salen desde la siesta y arriban a la costa a primera hora del d\u00eda siguiente, por lo cual la playa deber\u00e1 esperar hasta el mediod\u00eda.<\/p>\n\n\n\n<p>Los\u00a0<strong>precios\u00a0<\/strong>para todos esos destinos pueden variar de acuerdo a promociones contratadas con anticipaci\u00f3n. Se puede pagar con tarjeta de cr\u00e9dito y en cuotas.<\/p>\n\n\n\n<p><strong>Fuente: www.diariouno.com.ar<\/strong><\/p>\n","protected":false},"excerpt":{"rendered":"<p>La cantidad de mendocinos que viajan a\u00a0Chile\u00a0aument\u00f3 20% en diciembre \u00faltimo respecto del mismo mes de 2023, informaron desde la\u00a0Terminal de \u00d3mnibus de Mendoza. Este jueves 2 de enero a primera hora de la ma\u00f1ana, las plataformas del edificio estaban atestadas de viajeros listos para partir a Vi\u00f1a del Mar o Santiago de&nbsp;Chile&nbsp;en plan de [&hellip;]<\/p>\n","protected":false},"author":2,"featured_media":10842,"comment_status":"open","ping_status":"open","sticky":false,"template":"","format":"standard","meta":[],"categories":[64],"tags":[],"_links":{"self":[{"href":"https:\/\/pasaenmendoza.com\/index.php?rest_route=\/wp\/v2\/posts\/10841"}],"collection":[{"href":"https:\/\/pasaenmendoza.com\/index.php?rest_route=\/wp\/v2\/posts"}],"about":[{"href":"https:\/\/pasaenmendoza.com\/index.php?rest_route=\/wp\/v2\/types\/post"}],"author":[{"embeddable":true,"href":"https:\/\/pasaenmendoza.com\/index.php?rest_route=\/wp\/v2\/users\/2"}],"replies":[{"embeddable":true,"href":"https:\/\/pasaenmendoza.com\/index.php?rest_route=%2Fwp%2Fv2%2Fcomments&post=10841"}],"version-history":[{"count":1,"href":"https:\/\/pasaenmendoza.com\/index.php?rest_route=\/wp\/v2\/posts\/10841\/revisions"}],"predecessor-version":[{"id":10843,"href":"https:\/\/pasaenmendoza.com\/index.php?rest_route=\/wp\/v2\/posts\/10841\/revisions\/10843"}],"wp:featuredmedia":[{"embeddable":true,"href":"https:\/\/pasaenmendoza.com\/index.php?rest_route=\/wp\/v2\/media\/10842"}],"wp:attachment":[{"href":"https:\/\/pasaenmendoza.com\/index.php?rest_route=%2Fwp%2Fv2%2Fmedia&parent=10841"}],"wp:term":[{"taxonomy":"category","embeddable":true,"href":"https:\/\/pasaenmendoza.com\/index.php?rest_route=%2Fwp%2Fv2%2Fcategories&post=10841"},{"taxonomy":"post_tag","embeddable":true,"href":"https:\/\/pasaenmendoza.com\/index.php?rest_route=%2Fwp%2Fv2%2Ftags&post=10841"}],"curies":[{"name":"wp","href":"https:\/\/api.w.org\/{rel}","templated":true}]}}