{"id":10844,"date":"2025-01-02T22:34:28","date_gmt":"2025-01-02T21:34:28","guid":{"rendered":"https:\/\/pasaenmendoza.com\/?p=10844"},"modified":"2025-01-02T22:34:29","modified_gmt":"2025-01-02T21:34:29","slug":"medicos-fijaron-en-24-000-la-consulta-medica-desde-enero-para-pacientes-con-prepagas","status":"publish","type":"post","link":"https:\/\/pasaenmendoza.com\/?p=10844","title":{"rendered":"M\u00e9dicos fijaron en $24.000 la consulta m\u00e9dica desde enero para pacientes con prepagas"},"content":{"rendered":"\n<p>Con la llegada del A\u00f1o Nuevo la mayor\u00eda de las tarifas se actualizaron, entre ellas, el\u00a0<strong>pago extra<\/strong>\u00a0que exigen algunos\u00a0<strong>m\u00e9dicos<\/strong>\u00a0de las cl\u00ednicas para compensar el valor fijado -el que consideran insuficiente- en las pr\u00e1cticas por las obras sociales y las prepagas. La<strong>\u00a0consulta<\/strong>\u00a0a partir del\u00a0<strong>1 de enero del 2025\u00a0<\/strong>subi\u00f3 a\u00a0<strong>$24.000.<\/strong><\/p>\n\n\n\n<p>Los pacientes que no tienen cobertura m\u00e9dica deber\u00e1n abonar el doble, es decir, $48.000. La informaci\u00f3n trascendi\u00f3 este jueves, a trav\u00e9s de un comunicado del&nbsp;<strong>C\u00edrculo M\u00e9dico de Mendoza<\/strong>.<\/p>\n\n\n\n<p>El bono de compensaci\u00f3n -como lo llaman los prestadores de las obras sociales- se implement\u00f3 a mediados del 2023 y se actualiza todos los meses.<\/p>\n\n\n\n<p>De acuerdo con el comunicado, la consulta en&nbsp;<strong>psiquiatr\u00eda&nbsp;<\/strong>trep\u00f3 a los&nbsp;<strong>$35.000&nbsp;<\/strong>siempre y cuando se tenga alg\u00fan tipo de servicio m\u00e9dico privado. Aquellos que&nbsp;<strong>no tienen&nbsp;<\/strong>una<strong>&nbsp;prepaga<\/strong>&nbsp;u mutual deber\u00e1n pagar&nbsp;<strong>$65.000.<\/strong><\/p>\n\n\n\n<p>Desde el C\u00edrculo M\u00e9dico justificaron que &#8220;esta medida responde al desfasaje cr\u00edtico en los honorarios m\u00e9dicos, que afecta tanto a los profesionales como a la calidad de la atenci\u00f3n. Hemos elevado un reclamo al Ministerio de Salud de la Naci\u00f3n y al Consejo de Obras y Servicios Sociales provinciales para corregir esta situaci\u00f3n y garantizar honorarios acordes al esfuerzo y con la responsabilidad m\u00e9dica&#8221;.<\/p>\n\n\n\n<h2 class=\"wp-block-heading\"><strong>En un a\u00f1o, el valor de la consulta m\u00e9dica casi se triplic\u00f3<\/strong><\/h2>\n\n\n\n<p>En&nbsp;<strong>enero del 2024<\/strong>&nbsp;el valor de la consulta m\u00e9dica en el sistema de salud privada era de<strong>&nbsp;$10.000<\/strong>. Un a\u00f1o despu\u00e9s lleg\u00f3 a $24.000. Las federaciones de m\u00e9dicos sostienen que persiste el cobro de una compensaci\u00f3n a los pacientes por el retraso en el pago por parte de las obras sociales y prepagas y adem\u00e1s porque no est\u00e1n actualizados los convenios.<\/p>\n\n\n\n<p>Si bien en casi dos a\u00f1os se realizaron modificaciones y acuerdos con las principales prepagas, sigue el conflicto por el que el paciente queda en el medio y debe afrontar todos los costos.<\/p>\n\n\n\n<p>M\u00e1s all\u00e1 de las subas, en la pr\u00e1ctica es importante que el afiliado consulte en las cl\u00ednicas qu\u00e9 porcentaje de la consulta cubre su obra social y abonar lo restante.<\/p>\n\n\n\n<p>Generalmente esa diferencia oscilaba entre los $5.000 y los $10.000 a diciembre del 2024.<\/p>\n\n\n\n<p><strong>Fuente: www.diariouno.com.ar<\/strong><\/p>\n","protected":false},"excerpt":{"rendered":"<p>Con la llegada del A\u00f1o Nuevo la mayor\u00eda de las tarifas se actualizaron, entre ellas, el\u00a0pago extra\u00a0que exigen algunos\u00a0m\u00e9dicos\u00a0de las cl\u00ednicas para compensar el valor fijado -el que consideran insuficiente- en las pr\u00e1cticas por las obras sociales y las prepagas. La\u00a0consulta\u00a0a partir del\u00a01 de enero del 2025\u00a0subi\u00f3 a\u00a0$24.000. Los pacientes que no tienen cobertura m\u00e9dica [&hellip;]<\/p>\n","protected":false},"author":2,"featured_media":10845,"comment_status":"open","ping_status":"open","sticky":false,"template":"","format":"standard","meta":[],"categories":[58],"tags":[],"_links":{"self":[{"href":"https:\/\/pasaenmendoza.com\/index.php?rest_route=\/wp\/v2\/posts\/10844"}],"collection":[{"href":"https:\/\/pasaenmendoza.com\/index.php?rest_route=\/wp\/v2\/posts"}],"about":[{"href":"https:\/\/pasaenmendoza.com\/index.php?rest_route=\/wp\/v2\/types\/post"}],"author":[{"embeddable":true,"href":"https:\/\/pasaenmendoza.com\/index.php?rest_route=\/wp\/v2\/users\/2"}],"replies":[{"embeddable":true,"href":"https:\/\/pasaenmendoza.com\/index.php?rest_route=%2Fwp%2Fv2%2Fcomments&post=10844"}],"version-history":[{"count":1,"href":"https:\/\/pasaenmendoza.com\/index.php?rest_route=\/wp\/v2\/posts\/10844\/revisions"}],"predecessor-version":[{"id":10846,"href":"https:\/\/pasaenmendoza.com\/index.php?rest_route=\/wp\/v2\/posts\/10844\/revisions\/10846"}],"wp:featuredmedia":[{"embeddable":true,"href":"https:\/\/pasaenmendoza.com\/index.php?rest_route=\/wp\/v2\/media\/10845"}],"wp:attachment":[{"href":"https:\/\/pasaenmendoza.com\/index.php?rest_route=%2Fwp%2Fv2%2Fmedia&parent=10844"}],"wp:term":[{"taxonomy":"category","embeddable":true,"href":"https:\/\/pasaenmendoza.com\/index.php?rest_route=%2Fwp%2Fv2%2Fcategories&post=10844"},{"taxonomy":"post_tag","embeddable":true,"href":"https:\/\/pasaenmendoza.com\/index.php?rest_route=%2Fwp%2Fv2%2Ftags&post=10844"}],"curies":[{"name":"wp","href":"https:\/\/api.w.org\/{rel}","templated":true}]}}