{"id":10850,"date":"2025-01-03T14:39:17","date_gmt":"2025-01-03T13:39:17","guid":{"rendered":"https:\/\/pasaenmendoza.com\/?p=10850"},"modified":"2025-01-03T14:39:18","modified_gmt":"2025-01-03T13:39:18","slug":"tragico-desenlace-lo-rescataron-de-un-incendio-en-su-casa-y-murio-dos-dias-despues","status":"publish","type":"post","link":"https:\/\/pasaenmendoza.com\/?p=10850","title":{"rendered":"Tr\u00e1gico desenlace: lo rescataron de un incendio en su casa y muri\u00f3 dos d\u00edas despu\u00e9s"},"content":{"rendered":"\n<p>Un incendio ocurrido en v\u00edsperas del<strong>&nbsp;A\u00f1o Nuevo&nbsp;<\/strong>en el distrito&nbsp;<strong>La Colonia<\/strong>,&nbsp;<strong>Jun\u00edn<\/strong>, tuvo el peor desenlace.&nbsp;<strong>Sixto Alberto Navarro<\/strong>&nbsp;(63), quien fue rescatado del interior de su vivienda en llamas, falleci\u00f3 este jueves en el&nbsp;<strong>Hospital Lagomaggiore<\/strong>&nbsp;tras agonizar durante dos d\u00edas por las quemaduras que sufri\u00f3 en el cuerpo.<\/p>\n\n\n\n<p>El siniestro ocurri\u00f3 el martes cerca de las 22 en una casa ubicada en el\u00a0<strong>callej\u00f3n Monte Tabor,<\/strong>\u00a0a 50 metros de<strong>\u00a0avenida La Colonia<\/strong>. Hasta ese lugar lleg\u00f3 el oficial\u00a0<strong>subayudante Daniel Panello,<\/strong>\u00a0miembro de los\u00a0<strong>Cuerpos Especiales Zona Este<\/strong>, quien ingres\u00f3 a la propiedad envuelta en llamas y extrajo a Navarro, ya que se encontraba inconsciente en el suelo.<\/p>\n\n\n\n<p>De acuerdo con fuentes policiales, el incendio se habr\u00eda iniciado a ra\u00edz de la manipulaci\u00f3n de un anafe y una garrafa. El fuego afect\u00f3 toda la construcci\u00f3n, que contaba con un techo de ca\u00f1as, nailon, barro y cemento.<\/p>\n\n\n\n<p>El personal de<strong>\u00a0Bomberos de la Polic\u00eda de Mendoza<\/strong>, con apoyo de\u00a0<strong>Bomberos Voluntarios de San Mart\u00edn<\/strong>, logr\u00f3 controlar el foco \u00edgneo. La vivienda qued\u00f3 severamente afectada por el fuego y el humo. Una vecina del lugar ayud\u00f3 a identificar a la v\u00edctima y un familiar qued\u00f3 al cuidado del domicilio, luego de las tareas de enfriamiento.<\/p>\n\n\n\n<p>Navarro, quien viv\u00eda solo, sufri\u00f3 quemaduras de tercer grado y compromiso en las v\u00edas respiratorias. Fue trasladado inicialmente al&nbsp;<strong>Hospital Perrupato<\/strong>&nbsp;de<strong>&nbsp;San Mart\u00edn<\/strong>&nbsp;y luego derivado a mencionado nosocomio del oeste de Capital, donde ingres\u00f3 con&nbsp;<strong>quemaduras que afectaron el 45% de su cuerpo<\/strong>, incluyendo rostro, t\u00f3rax, brazo izquierdo y miembros inferiores.<\/p>\n\n\n\n<p>El sexagenario permaneci\u00f3 internado en el sector de quemados del Lagomaggiore, donde finalmente falleci\u00f3 en la ma\u00f1ana de este jueves.<\/p>\n\n\n\n<p><strong>Fuente: www.elsol.com.ar<\/strong><\/p>\n","protected":false},"excerpt":{"rendered":"<p>Un incendio ocurrido en v\u00edsperas del&nbsp;A\u00f1o Nuevo&nbsp;en el distrito&nbsp;La Colonia,&nbsp;Jun\u00edn, tuvo el peor desenlace.&nbsp;Sixto Alberto Navarro&nbsp;(63), quien fue rescatado del interior de su vivienda en llamas, falleci\u00f3 este jueves en el&nbsp;Hospital Lagomaggiore&nbsp;tras agonizar durante dos d\u00edas por las quemaduras que sufri\u00f3 en el cuerpo. El siniestro ocurri\u00f3 el martes cerca de las 22 en una [&hellip;]<\/p>\n","protected":false},"author":2,"featured_media":10851,"comment_status":"open","ping_status":"open","sticky":false,"template":"","format":"standard","meta":[],"categories":[48],"tags":[],"_links":{"self":[{"href":"https:\/\/pasaenmendoza.com\/index.php?rest_route=\/wp\/v2\/posts\/10850"}],"collection":[{"href":"https:\/\/pasaenmendoza.com\/index.php?rest_route=\/wp\/v2\/posts"}],"about":[{"href":"https:\/\/pasaenmendoza.com\/index.php?rest_route=\/wp\/v2\/types\/post"}],"author":[{"embeddable":true,"href":"https:\/\/pasaenmendoza.com\/index.php?rest_route=\/wp\/v2\/users\/2"}],"replies":[{"embeddable":true,"href":"https:\/\/pasaenmendoza.com\/index.php?rest_route=%2Fwp%2Fv2%2Fcomments&post=10850"}],"version-history":[{"count":1,"href":"https:\/\/pasaenmendoza.com\/index.php?rest_route=\/wp\/v2\/posts\/10850\/revisions"}],"predecessor-version":[{"id":10852,"href":"https:\/\/pasaenmendoza.com\/index.php?rest_route=\/wp\/v2\/posts\/10850\/revisions\/10852"}],"wp:featuredmedia":[{"embeddable":true,"href":"https:\/\/pasaenmendoza.com\/index.php?rest_route=\/wp\/v2\/media\/10851"}],"wp:attachment":[{"href":"https:\/\/pasaenmendoza.com\/index.php?rest_route=%2Fwp%2Fv2%2Fmedia&parent=10850"}],"wp:term":[{"taxonomy":"category","embeddable":true,"href":"https:\/\/pasaenmendoza.com\/index.php?rest_route=%2Fwp%2Fv2%2Fcategories&post=10850"},{"taxonomy":"post_tag","embeddable":true,"href":"https:\/\/pasaenmendoza.com\/index.php?rest_route=%2Fwp%2Fv2%2Ftags&post=10850"}],"curies":[{"name":"wp","href":"https:\/\/api.w.org\/{rel}","templated":true}]}}