{"id":10853,"date":"2025-01-03T14:45:38","date_gmt":"2025-01-03T13:45:38","guid":{"rendered":"https:\/\/pasaenmendoza.com\/?p=10853"},"modified":"2025-01-03T14:45:39","modified_gmt":"2025-01-03T13:45:39","slug":"destrozo-una-vidriera-en-la-quinta-seccion-robo-y-lo-detuvieron-minutos-despues","status":"publish","type":"post","link":"https:\/\/pasaenmendoza.com\/?p=10853","title":{"rendered":"Destroz\u00f3 una vidriera en la Quinta Secci\u00f3n, rob\u00f3 y lo detuvieron minutos despu\u00e9s"},"content":{"rendered":"\n<p>Un\u00a0<strong>robo\u00a0<\/strong>en la madrugada de este viernes qued\u00f3 r\u00e1pidamente esclarecido, luego de que el autor fuera<strong>\u00a0detenido\u00a0<\/strong>a los pocos minutos de concretar el hecho. Rompi\u00f3 una vidriera en la\u00a0<strong>Quinta Secci\u00f3n<\/strong>\u00a0de Ciudad y lo atraparon gracias al seguimiento de las c\u00e1maras del\u00a0CEO (Centro Estrat\u00e9gico de Operaciones).\u00a0<\/p>\n\n\n\n<p>El episodio\u00a0se inici\u00f3\u00a0pasadas las 4 en Vicente Gil y Paso de Los Andes, donde se report\u00f3 sobre un local de venta de fiambres con su frente da\u00f1ado y posible sustracci\u00f3n de mercader\u00eda\u00a0<\/p>\n\n\n\n<p>Inmediatamente comenzaron a revisarse las c\u00e1maras de seguridad de a zona y la Polic\u00eda visualiz\u00f3 a un sospechoso &#8220;delgado, con una remera amarilla y pantal\u00f3n largo marr\u00f3n, con una bolsa negra&#8221; dirigi\u00e9ndose por Boulogne calle Sur Mer hacia el sur.<\/p>\n\n\n\n<p>Los efectivos entendieron que posiblemente era el hombre que hab\u00eda cometido el il\u00edcito, por lo que uniformados y preventores fueron por su captura.\u00a0<\/p>\n\n\n\n<p>Lo interceptaron\u00a0en el puente de Boulogne Sur Mer y San Francisco, secuestr\u00e1ndole\u00a019 paquetes de galletas y un pan dulce. Se tratar\u00eda de los elementos<strong>\u00a0robados\u00a0<\/strong>en el comercio de la\u00a0<strong>Quinta Secci\u00f3n.\u00a0<\/strong><\/p>\n\n\n\n<p>El\u00a0<strong>detenido<\/strong>, de 23 a\u00f1os, fue trasladado a la\u00a0Comisar\u00eda 6\u00b0 para ser imputado en las pr\u00f3ximas horas.\u00a0<\/p>\n\n\n\n<p><strong>Fuente: www.mdzol.com<\/strong><\/p>\n","protected":false},"excerpt":{"rendered":"<p>Un\u00a0robo\u00a0en la madrugada de este viernes qued\u00f3 r\u00e1pidamente esclarecido, luego de que el autor fuera\u00a0detenido\u00a0a los pocos minutos de concretar el hecho. Rompi\u00f3 una vidriera en la\u00a0Quinta Secci\u00f3n\u00a0de Ciudad y lo atraparon gracias al seguimiento de las c\u00e1maras del\u00a0CEO (Centro Estrat\u00e9gico de Operaciones).\u00a0 El episodio\u00a0se inici\u00f3\u00a0pasadas las 4 en Vicente Gil y Paso de Los [&hellip;]<\/p>\n","protected":false},"author":2,"featured_media":10854,"comment_status":"open","ping_status":"open","sticky":false,"template":"","format":"standard","meta":[],"categories":[48],"tags":[],"_links":{"self":[{"href":"https:\/\/pasaenmendoza.com\/index.php?rest_route=\/wp\/v2\/posts\/10853"}],"collection":[{"href":"https:\/\/pasaenmendoza.com\/index.php?rest_route=\/wp\/v2\/posts"}],"about":[{"href":"https:\/\/pasaenmendoza.com\/index.php?rest_route=\/wp\/v2\/types\/post"}],"author":[{"embeddable":true,"href":"https:\/\/pasaenmendoza.com\/index.php?rest_route=\/wp\/v2\/users\/2"}],"replies":[{"embeddable":true,"href":"https:\/\/pasaenmendoza.com\/index.php?rest_route=%2Fwp%2Fv2%2Fcomments&post=10853"}],"version-history":[{"count":1,"href":"https:\/\/pasaenmendoza.com\/index.php?rest_route=\/wp\/v2\/posts\/10853\/revisions"}],"predecessor-version":[{"id":10855,"href":"https:\/\/pasaenmendoza.com\/index.php?rest_route=\/wp\/v2\/posts\/10853\/revisions\/10855"}],"wp:featuredmedia":[{"embeddable":true,"href":"https:\/\/pasaenmendoza.com\/index.php?rest_route=\/wp\/v2\/media\/10854"}],"wp:attachment":[{"href":"https:\/\/pasaenmendoza.com\/index.php?rest_route=%2Fwp%2Fv2%2Fmedia&parent=10853"}],"wp:term":[{"taxonomy":"category","embeddable":true,"href":"https:\/\/pasaenmendoza.com\/index.php?rest_route=%2Fwp%2Fv2%2Fcategories&post=10853"},{"taxonomy":"post_tag","embeddable":true,"href":"https:\/\/pasaenmendoza.com\/index.php?rest_route=%2Fwp%2Fv2%2Ftags&post=10853"}],"curies":[{"name":"wp","href":"https:\/\/api.w.org\/{rel}","templated":true}]}}