{"id":10863,"date":"2025-01-03T22:42:49","date_gmt":"2025-01-03T21:42:49","guid":{"rendered":"https:\/\/pasaenmendoza.com\/?p=10863"},"modified":"2025-01-03T22:42:50","modified_gmt":"2025-01-03T21:42:50","slug":"en-que-consiste-el-millonario-contrato-entre-el-gobierno-de-mendoza-y-argeninta","status":"publish","type":"post","link":"https:\/\/pasaenmendoza.com\/?p=10863","title":{"rendered":"En qu\u00e9 consiste el millonario contrato entre el gobierno de Mendoza y &#8220;Argeninta&#8221;"},"content":{"rendered":"\n<p>A trav\u00e9s del Decreto&nbsp;N\u00b0 2.695 publicado este viernes en el&nbsp;<strong>Bolet\u00edn<\/strong>&nbsp;<strong>Oficial<\/strong>, el Ministerio de Producci\u00f3n de Mendoza ampli\u00f3 por 78 millones de pesos el aporte de la provincia a la Fundaci\u00f3n Argeninta para el&nbsp;&#8220;Programa Provincial de Prevenci\u00f3n y Control de Accidentes Clim\u00e1ticos&#8221;. Seg\u00fan consta en el acta anexa del contrato, que se firm\u00f3 en junio y en ese momento establec\u00eda un financiamiento de 69 millones de pesos, &#8220;los objetivos generales del citado Programa son asegurar una efectiva transferencia de tecnolog\u00eda, investigaci\u00f3n y desarrollo permanente de m\u00e9todos de prevenci\u00f3n, defensa y modificaci\u00f3n del clima&#8221;. Adem\u00e1s, agrega que apunta a la &#8220;formaci\u00f3n y capacitaci\u00f3n de recursos humanos en la materia&#8221;.<\/p>\n\n\n\n<p>La intenci\u00f3n del ministro&nbsp;<strong>Rodolfo Vargas Arizu<\/strong>&nbsp;es que el ministerio y la Fundaci\u00f3n Argeninta trabajen en conjunto para difundir en el sector productivo primario informaci\u00f3n sobre la posible ocurrencia de heladas durante el ciclo productivo a los fines de que este instrumente las medidas necesarias para defender sus cultivos. A eso adhieren la necesidad de solventar al personal encargado de la implementaci\u00f3n y desarrollo del Programa de referencia y &#8220;generar una base de datos agroclim\u00e1ticos que permita, en el mediano plazo, establecer \u00e1reas de riesgo clim\u00e1tico, otorg\u00e1ndole especial inter\u00e9s a los fen\u00f3menos de helada, granizo, viento y sequ\u00eda&#8221;.<\/p>\n\n\n\n<p>Por \u00faltimo, subraya que el destino de los fondos es &#8220;llevar adelante un programa de investigaci\u00f3n y desarrollo propio, integr\u00e1ndose y cooperando con Organismos P\u00fablicos y Privados que tengan como objetivo investigar, ensayar, difundir o implementar m\u00e9todos de prevenci\u00f3n y control de fen\u00f3menos metereol\u00f3gicos extremos y de modificaci\u00f3n artificial del clima, siempre que cuenten con suficiente sustento cient\u00edfico y t\u00e9cnico que los avalen&#8221;.<\/p>\n\n\n\n<figure class=\"wp-block-image\"><img decoding=\"async\" src=\"https:\/\/www.mdzol.com\/u\/fotografias\/m\/2025\/1\/3\/f768x1-1697197_1697324_132.jpg\" alt=\"\"\/><figcaption class=\"wp-element-caption\">El acta complementaria del acuerdo.<\/figcaption><\/figure>\n\n\n\n<p>A fin de dar cumplimiento a dichos objetivos, la Provincia se hab\u00eda comprometido a realizar un aporte de hasta la suma $69.350.000, pero por acta complementaria se acord\u00f3 aumentar el monto a\u00a0$78.000.000. De ese total, 26 millones de pesos se transfirieron en noviembre, 26 millones de pesos en diciembre y los 26 millones restantes en el mes de enero del 2025.<\/p>\n\n\n\n<p><strong>Fuente: www.mdzol.com<\/strong><\/p>\n","protected":false},"excerpt":{"rendered":"<p>A trav\u00e9s del Decreto&nbsp;N\u00b0 2.695 publicado este viernes en el&nbsp;Bolet\u00edn&nbsp;Oficial, el Ministerio de Producci\u00f3n de Mendoza ampli\u00f3 por 78 millones de pesos el aporte de la provincia a la Fundaci\u00f3n Argeninta para el&nbsp;&#8220;Programa Provincial de Prevenci\u00f3n y Control de Accidentes Clim\u00e1ticos&#8221;. Seg\u00fan consta en el acta anexa del contrato, que se firm\u00f3 en junio y [&hellip;]<\/p>\n","protected":false},"author":2,"featured_media":10864,"comment_status":"open","ping_status":"open","sticky":false,"template":"","format":"standard","meta":[],"categories":[47],"tags":[],"_links":{"self":[{"href":"https:\/\/pasaenmendoza.com\/index.php?rest_route=\/wp\/v2\/posts\/10863"}],"collection":[{"href":"https:\/\/pasaenmendoza.com\/index.php?rest_route=\/wp\/v2\/posts"}],"about":[{"href":"https:\/\/pasaenmendoza.com\/index.php?rest_route=\/wp\/v2\/types\/post"}],"author":[{"embeddable":true,"href":"https:\/\/pasaenmendoza.com\/index.php?rest_route=\/wp\/v2\/users\/2"}],"replies":[{"embeddable":true,"href":"https:\/\/pasaenmendoza.com\/index.php?rest_route=%2Fwp%2Fv2%2Fcomments&post=10863"}],"version-history":[{"count":1,"href":"https:\/\/pasaenmendoza.com\/index.php?rest_route=\/wp\/v2\/posts\/10863\/revisions"}],"predecessor-version":[{"id":10865,"href":"https:\/\/pasaenmendoza.com\/index.php?rest_route=\/wp\/v2\/posts\/10863\/revisions\/10865"}],"wp:featuredmedia":[{"embeddable":true,"href":"https:\/\/pasaenmendoza.com\/index.php?rest_route=\/wp\/v2\/media\/10864"}],"wp:attachment":[{"href":"https:\/\/pasaenmendoza.com\/index.php?rest_route=%2Fwp%2Fv2%2Fmedia&parent=10863"}],"wp:term":[{"taxonomy":"category","embeddable":true,"href":"https:\/\/pasaenmendoza.com\/index.php?rest_route=%2Fwp%2Fv2%2Fcategories&post=10863"},{"taxonomy":"post_tag","embeddable":true,"href":"https:\/\/pasaenmendoza.com\/index.php?rest_route=%2Fwp%2Fv2%2Ftags&post=10863"}],"curies":[{"name":"wp","href":"https:\/\/api.w.org\/{rel}","templated":true}]}}