{"id":10869,"date":"2025-01-03T23:13:39","date_gmt":"2025-01-03T22:13:39","guid":{"rendered":"https:\/\/pasaenmendoza.com\/?p=10869"},"modified":"2025-01-03T23:13:40","modified_gmt":"2025-01-03T22:13:40","slug":"cornejo-destino-mas-de-1-400-millones-para-reforzar-las-carceles-de-cacheuta","status":"publish","type":"post","link":"https:\/\/pasaenmendoza.com\/?p=10869","title":{"rendered":"Cornejo destin\u00f3 m\u00e1s de $1.400 millones para reforzar las c\u00e1rceles de Cacheuta"},"content":{"rendered":"\n<p>El Ministerio de Gobierno e Infraestructura lanz\u00f3 este jueves la\u00a0<strong>licitaci\u00f3n<\/strong>\u00a0para hacer distintas obras en las dos<strong>\u00a0c\u00e1rceles\u00a0<\/strong>de Cacheuta, a las que les destin\u00f3 m\u00e1s de\u00a0<strong>$1.400 millones<\/strong>. Se trata de reformas en los penales de Almafuerte I y II.<\/p>\n\n\n\n<p>El pliego de&nbsp;<strong>licitaci\u00f3n&nbsp;<\/strong>muestra que se trata de obras de refuerzo y consolidaci\u00f3n estructural de los muros de cierres en patios de los m\u00f3dulos 2, 3 y 4 del penal de&nbsp;<strong>Almafuerte I<\/strong>&nbsp;y la terminaci\u00f3n del edificio para la asistencia psicosocial de los internos en&nbsp;<strong>Almafuerte II<\/strong>.<\/p>\n\n\n\n<p>Para costear esas obras, el Gobierno destin\u00f3 un presupuesto final de&nbsp;<strong>$ 1.430.222.000<\/strong>.<\/p>\n\n\n\n<figure class=\"wp-block-image\"><img decoding=\"async\" src=\"https:\/\/media.diariouno.com.ar\/p\/b5e4ecab68c05f3d9c2d6b004c526655\/adjuntos\/298\/imagenes\/009\/472\/0009472351\/1200x0\/smart\/licitacion-reformas-las-carceles-cacheutajpg.jpg\" alt=\"\" title=\"\"\/><\/figure>\n\n\n\n<p>Para las empresas que est\u00e9n interesadas en participar de la&nbsp;<strong>licitaci\u00f3n&nbsp;<\/strong>habr\u00e1 una visita obligatoria y excluyente a esas&nbsp;<strong>c\u00e1rceles<\/strong>, prevista para el mi\u00e9rcoles 8 de enero. Adem\u00e1s, est\u00e1 previsto que el 28 de enero se haga la apertura de sobres con las ofertas t\u00e9cnicas y econ\u00f3micas. Luego de la adjudicaci\u00f3n, habr\u00e1 un plazo de 180 d\u00edas de ejecuci\u00f3n de obras.<\/p>\n\n\n\n<h2 class=\"wp-block-heading\">Por qu\u00e9 es necesario reformar las dos c\u00e1rceles de Cacheuta<\/h2>\n\n\n\n<p>Entre los argumentos que sostienen la necesidad de invertir $1.400 millones para realizar esas obras en las dos&nbsp;<strong>c\u00e1rceles de Cacheuta<\/strong>, desde el ministerio de Gobierno e Infraestructura marcaron que el edificio para la atenci\u00f3n psicosocial de los internos es clave para evitar los costosos traslados de internos desde esos penales hasta los hospitales del Gran Mendoza, como son el Hospital Central o El Sauce.<\/p>\n\n\n\n<p>El pliego de licitaci\u00f3n supone la terminaci\u00f3n de un espacio de atenci\u00f3n psicosocial y el refuerzo de los muros de los patios de las dos c\u00e1rceles de Almafuerte I y II.<\/p>\n\n\n\n<p>&#8220;Son necesarios m\u00e1s de una decena de agentes entre personal de enfermer\u00eda, m\u00e9dicos y choferes para el traslado y esa log\u00edstica insume un gasto significativo para el Estado. Se suma a esto, que por el tiempo de traslado a los efectores p\u00fablicos no se logra prestar una atenci\u00f3n r\u00e1pida a las&nbsp;<strong>personas privadas de libertad<\/strong>&#8220;, explicaron.<\/p>\n\n\n\n<p>Hay que decir que la obra de ese pabell\u00f3n qued\u00f3 estancada al&nbsp;<strong>50% de ejecuci\u00f3n desde el 2022<\/strong>, cuando se interrumpieron esos trabajos. Desde entonces s\u00f3lo se ha acopiado material.<\/p>\n\n\n\n<p>Con esta&nbsp;<strong>licitaci\u00f3n<\/strong>&nbsp;se terminar\u00eda ese edificio de atenci\u00f3n sanitaria que prestar\u00eda el servicio a toda la comunidad carcelaria de&nbsp;<strong>Almafuerte<\/strong>.<\/p>\n\n\n\n<p>Seg\u00fan el detalle de la obra, ese edificio tendr\u00e1 3 bloques bien diferenciados: el bloque A con consultorios externos, farmacia y kinesiolog\u00eda, el bloque B de atenci\u00f3n de emergencias, internaci\u00f3n, enfermer\u00eda y showroom, y el bloque C de salud mental, es decir, consultorios de psicolog\u00eda y psiquiatr\u00eda.<\/p>\n\n\n\n<p>A eso se suma el refuerzo estructural de los muros de\u00a0<strong>cierre en patios abiertos<\/strong>\u00a0de los m\u00f3dulos de reclusi\u00f3n n\u00ba 2, 3 y 4, incluido adecuaci\u00f3n de soportes met\u00e1licos para leoneras en los mismos, pertenecientes al\u00a0<strong>Complejo Penitenciario Provincial Almafuerte I<\/strong>.<\/p>\n\n\n\n<p><strong>Fuente: www.diariouno.com.ar<\/strong><\/p>\n","protected":false},"excerpt":{"rendered":"<p>El Ministerio de Gobierno e Infraestructura lanz\u00f3 este jueves la\u00a0licitaci\u00f3n\u00a0para hacer distintas obras en las dos\u00a0c\u00e1rceles\u00a0de Cacheuta, a las que les destin\u00f3 m\u00e1s de\u00a0$1.400 millones. Se trata de reformas en los penales de Almafuerte I y II. El pliego de&nbsp;licitaci\u00f3n&nbsp;muestra que se trata de obras de refuerzo y consolidaci\u00f3n estructural de los muros de cierres [&hellip;]<\/p>\n","protected":false},"author":2,"featured_media":10870,"comment_status":"open","ping_status":"open","sticky":false,"template":"","format":"standard","meta":[],"categories":[47],"tags":[],"_links":{"self":[{"href":"https:\/\/pasaenmendoza.com\/index.php?rest_route=\/wp\/v2\/posts\/10869"}],"collection":[{"href":"https:\/\/pasaenmendoza.com\/index.php?rest_route=\/wp\/v2\/posts"}],"about":[{"href":"https:\/\/pasaenmendoza.com\/index.php?rest_route=\/wp\/v2\/types\/post"}],"author":[{"embeddable":true,"href":"https:\/\/pasaenmendoza.com\/index.php?rest_route=\/wp\/v2\/users\/2"}],"replies":[{"embeddable":true,"href":"https:\/\/pasaenmendoza.com\/index.php?rest_route=%2Fwp%2Fv2%2Fcomments&post=10869"}],"version-history":[{"count":1,"href":"https:\/\/pasaenmendoza.com\/index.php?rest_route=\/wp\/v2\/posts\/10869\/revisions"}],"predecessor-version":[{"id":10871,"href":"https:\/\/pasaenmendoza.com\/index.php?rest_route=\/wp\/v2\/posts\/10869\/revisions\/10871"}],"wp:featuredmedia":[{"embeddable":true,"href":"https:\/\/pasaenmendoza.com\/index.php?rest_route=\/wp\/v2\/media\/10870"}],"wp:attachment":[{"href":"https:\/\/pasaenmendoza.com\/index.php?rest_route=%2Fwp%2Fv2%2Fmedia&parent=10869"}],"wp:term":[{"taxonomy":"category","embeddable":true,"href":"https:\/\/pasaenmendoza.com\/index.php?rest_route=%2Fwp%2Fv2%2Fcategories&post=10869"},{"taxonomy":"post_tag","embeddable":true,"href":"https:\/\/pasaenmendoza.com\/index.php?rest_route=%2Fwp%2Fv2%2Ftags&post=10869"}],"curies":[{"name":"wp","href":"https:\/\/api.w.org\/{rel}","templated":true}]}}