{"id":1087,"date":"2023-08-31T15:32:45","date_gmt":"2023-08-31T13:32:45","guid":{"rendered":"https:\/\/pasaenmendoza.com\/?p=1087"},"modified":"2023-08-31T15:32:46","modified_gmt":"2023-08-31T13:32:46","slug":"ya-es-oficial-este-es-el-decreto-que-establece-un-bono-de-60-000-para-los-estatales-de-mendoza","status":"publish","type":"post","link":"https:\/\/pasaenmendoza.com\/?p=1087","title":{"rendered":"Ya es oficial: este es el decreto que establece un bono de $60.000 para los estatales de Mendoza"},"content":{"rendered":"\n<p>El gobernador\u00a0<strong>Rodolfo Suarez<\/strong>\u00a0firm\u00f3 el decreto que establece el otorgamiento de\u00a0<em>\u201cuna suma extraordinaria con car\u00e1cter no remunerativo no bonificable, por \u00fanica vez por la suma de $60.000\u201d<\/em>, que percibir\u00e1n los\u00a0<em>\u201cagentes que al 31 de agosto de 2023 hayan percibido un salario neto, menor o igual a $400.000\u201d.<\/em><\/p>\n\n\n\n<p><strong>El decreto 1790<\/strong>, publicado este jueves en el Bolet\u00edn Oficial con la firma de Suarez y los ministros\u00a0<strong>V\u00edctor Fayad<\/strong>\u00a0(Hacienda) y\u00a0<strong>V\u00edctor Iba\u00f1ez<\/strong>\u00a0(Gobierno), aclara que\u00a0<mark>el bono ser\u00e1 pagado el 14 de septiembre.<\/mark><\/p>\n\n\n\n<p><em>\u201cEste beneficio ser\u00e1 abonado por agente y en el caso de los agentes que prestan servicios en m\u00e1s de una Jurisdicci\u00f3n el mismo ser\u00e1 percibido en una sola de las liquidaciones\u201d,<\/em>\u00a0afirma el texto. Y agrega:<em>\u00a0\u201cPara los agentes que revistan horas c\u00e1tedra se otorgar\u00e1 la totalidad del beneficio en aquellos casos en que el agente cumpla 18 horas c\u00e1tedra o m\u00e1s, en caso de que el agente cumpla menos de 18 horas c\u00e1tedra la suma se liquidar\u00e1 proporcionalmente\u201d.<\/em><\/p>\n\n\n\n<p>Por otra parte, en los considerandos del decreto, se destaca\u00a0<mark>una fuerte cr\u00edtica al Gobierno nacional\u00a0<\/mark>por la\u00a0<strong>devaluaci\u00f3n\u00a0<\/strong>del 14 de agosto,\u00a0<em>\u201cque por falta de una pol\u00edtica macro econ\u00f3mica coherente e integral, se traslad\u00f3 inmediatamente a los precios, con el consiguiente resultado negativo sobre la totalidad de los habitantes de la Provincia y el Pa\u00eds\u201d.<\/em><\/p>\n\n\n\n<p><em>\u201cResulta necesario paliar los efectos negativos que el incremento de precios genera sobre el salario de los agentes p\u00fablicos\u201d<\/em>\u00a0y\u00a0<em>\u201cla situaci\u00f3n fiscal y financiera del Gobierno Provincial permite afrontar este tipo de situaciones sin comprometer el equilibrio de las cuentas p\u00fablicas\u201d<\/em>, resalta la normativa.<\/p>\n\n\n\n<p><strong>Fuente: www.elsol.com.ar<\/strong><\/p>\n","protected":false},"excerpt":{"rendered":"<p>El gobernador\u00a0Rodolfo Suarez\u00a0firm\u00f3 el decreto que establece el otorgamiento de\u00a0\u201cuna suma extraordinaria con car\u00e1cter no remunerativo no bonificable, por \u00fanica vez por la suma de $60.000\u201d, que percibir\u00e1n los\u00a0\u201cagentes que al 31 de agosto de 2023 hayan percibido un salario neto, menor o igual a $400.000\u201d. El decreto 1790, publicado este jueves en el Bolet\u00edn [&hellip;]<\/p>\n","protected":false},"author":2,"featured_media":1089,"comment_status":"open","ping_status":"open","sticky":false,"template":"","format":"standard","meta":[],"categories":[49],"tags":[],"_links":{"self":[{"href":"https:\/\/pasaenmendoza.com\/index.php?rest_route=\/wp\/v2\/posts\/1087"}],"collection":[{"href":"https:\/\/pasaenmendoza.com\/index.php?rest_route=\/wp\/v2\/posts"}],"about":[{"href":"https:\/\/pasaenmendoza.com\/index.php?rest_route=\/wp\/v2\/types\/post"}],"author":[{"embeddable":true,"href":"https:\/\/pasaenmendoza.com\/index.php?rest_route=\/wp\/v2\/users\/2"}],"replies":[{"embeddable":true,"href":"https:\/\/pasaenmendoza.com\/index.php?rest_route=%2Fwp%2Fv2%2Fcomments&post=1087"}],"version-history":[{"count":1,"href":"https:\/\/pasaenmendoza.com\/index.php?rest_route=\/wp\/v2\/posts\/1087\/revisions"}],"predecessor-version":[{"id":1090,"href":"https:\/\/pasaenmendoza.com\/index.php?rest_route=\/wp\/v2\/posts\/1087\/revisions\/1090"}],"wp:featuredmedia":[{"embeddable":true,"href":"https:\/\/pasaenmendoza.com\/index.php?rest_route=\/wp\/v2\/media\/1089"}],"wp:attachment":[{"href":"https:\/\/pasaenmendoza.com\/index.php?rest_route=%2Fwp%2Fv2%2Fmedia&parent=1087"}],"wp:term":[{"taxonomy":"category","embeddable":true,"href":"https:\/\/pasaenmendoza.com\/index.php?rest_route=%2Fwp%2Fv2%2Fcategories&post=1087"},{"taxonomy":"post_tag","embeddable":true,"href":"https:\/\/pasaenmendoza.com\/index.php?rest_route=%2Fwp%2Fv2%2Ftags&post=1087"}],"curies":[{"name":"wp","href":"https:\/\/api.w.org\/{rel}","templated":true}]}}