{"id":10876,"date":"2025-01-06T14:49:52","date_gmt":"2025-01-06T13:49:52","guid":{"rendered":"https:\/\/pasaenmendoza.com\/?p=10876"},"modified":"2025-01-06T14:49:53","modified_gmt":"2025-01-06T13:49:53","slug":"alerta-naranja-por-tormenta-y-granizo-que-zonas-de-mendoza-se-veran-afectadas-este-lunes","status":"publish","type":"post","link":"https:\/\/pasaenmendoza.com\/?p=10876","title":{"rendered":"Alerta naranja por tormenta y granizo: qu\u00e9 zonas de Mendoza se ver\u00e1n afectadas este lunes"},"content":{"rendered":"\n<p>Seg\u00fan inform\u00f3 el&nbsp;<strong>Servicio Meteorol\u00f3gico Nacional&nbsp;<\/strong>(SMN) la gran mayor\u00eda del territorio provincial estar\u00e1 bajo alerta&nbsp;<strong>naranja&nbsp;<\/strong>por&nbsp;<strong>tormenta<\/strong>, mientras que otra zona est\u00e1 marcada con alerta amarilla. Sin embargo, en ambas se comparte la posibilidad de ca\u00edda de&nbsp;<strong>granizo<\/strong>.<\/p>\n\n\n\n<p>Concretamente, el este y centro mendocino son los puntos pintados con el tono m\u00e1s grave (naranja). En esta \u00e1rea se incluyen las localidades de\u00a0<strong>San Rafael y General Alvear,\u00a0<\/strong>entre otras.<\/p>\n\n\n\n<p><em>\u201cEl \u00e1rea ser\u00e1 afectada por tormentas aisladas, algunas localmente fuertes o severas. Las mismas estar\u00e1n acompa\u00f1adas por<strong>\u00a0abundante precipitaci\u00f3n en cortos per\u00edodos, actividad el\u00e9ctrica intensa, granizo de diversos tama\u00f1os y r\u00e1fagas que podr\u00edan superar los 90 km\/h.\u00a0<\/strong>Se prev\u00e9n valores de precipitaci\u00f3n acumulada entre 40 y 60 mm, que pueden ser superados de forma puntual\u201d<\/em>, dict\u00f3 la alerta del SMN.<\/p>\n\n\n\n<p>Por otro lado, la zona marcada en amarillo incluye todo el&nbsp;<strong>Gran Mendoza, y localidades como Tupungato, Tunuy\u00e1n y San Carlos.<\/strong><\/p>\n\n\n\n<p>Para esta \u00e1rea se inform\u00f3 que \u201c<em>ser\u00e1 afectada por tormentas aisladas, algunas localmente fuertes o severas. Las mismas estar\u00e1n acompa\u00f1adas por&nbsp;<strong>abundante precipitaci\u00f3n en cortos per\u00edodos, actividad el\u00e9ctrica intensa, granizo y r\u00e1fagas que podr\u00edan superar los 60 km\/h<\/strong>. Se prev\u00e9n valores de precipitaci\u00f3n acumulada entre 20 y 40 mm, que pueden ser superados de forma puntual. En las zonas m\u00e1s elevadas de la cordillera son posibles precipitaciones de granizo y\/o nieve\u201d.<\/em><\/p>\n\n\n\n<h2 class=\"wp-block-heading\" id=\"h-el-pronostico-de-la-temperatura\">El pron\u00f3stico de la temperatura<\/h2>\n\n\n\n<p>Finalmente, seg\u00fan lo pronosticado por el SMN, el resto de la provincia, como el departamento de Malarg\u00fce, no experimentar\u00e1 complicaciones clim\u00e1ticas durante este lunes.<\/p>\n\n\n\n<p>Por su parte, el pron\u00f3stico meteorol\u00f3gico del Gobierno de Mendoza describi\u00f3 que el d\u00eda se presentar\u00e1 con un clima \u201cmuy caluroso, con nubosidad variable y tormentas aisladas, vientos moderados del noreste\u201d, y alert\u00f3 la posibilidad \u201cde tormentas con granizo\u201d.<\/p>\n\n\n\n<p>Adem\u00e1s, este mismo ente comput\u00f3 temperaturas\u00a0<strong>m\u00e1ximas de 37\u202f\u00b0C y m\u00ednimas de 24\u202f\u00b0C.<\/strong><\/p>\n\n\n\n<p><strong>Fuente: www.elsol.com.ar<\/strong><\/p>\n","protected":false},"excerpt":{"rendered":"<p>Seg\u00fan inform\u00f3 el&nbsp;Servicio Meteorol\u00f3gico Nacional&nbsp;(SMN) la gran mayor\u00eda del territorio provincial estar\u00e1 bajo alerta&nbsp;naranja&nbsp;por&nbsp;tormenta, mientras que otra zona est\u00e1 marcada con alerta amarilla. Sin embargo, en ambas se comparte la posibilidad de ca\u00edda de&nbsp;granizo. Concretamente, el este y centro mendocino son los puntos pintados con el tono m\u00e1s grave (naranja). En esta \u00e1rea se incluyen [&hellip;]<\/p>\n","protected":false},"author":2,"featured_media":10877,"comment_status":"open","ping_status":"open","sticky":false,"template":"","format":"standard","meta":[],"categories":[46,52],"tags":[],"_links":{"self":[{"href":"https:\/\/pasaenmendoza.com\/index.php?rest_route=\/wp\/v2\/posts\/10876"}],"collection":[{"href":"https:\/\/pasaenmendoza.com\/index.php?rest_route=\/wp\/v2\/posts"}],"about":[{"href":"https:\/\/pasaenmendoza.com\/index.php?rest_route=\/wp\/v2\/types\/post"}],"author":[{"embeddable":true,"href":"https:\/\/pasaenmendoza.com\/index.php?rest_route=\/wp\/v2\/users\/2"}],"replies":[{"embeddable":true,"href":"https:\/\/pasaenmendoza.com\/index.php?rest_route=%2Fwp%2Fv2%2Fcomments&post=10876"}],"version-history":[{"count":1,"href":"https:\/\/pasaenmendoza.com\/index.php?rest_route=\/wp\/v2\/posts\/10876\/revisions"}],"predecessor-version":[{"id":10878,"href":"https:\/\/pasaenmendoza.com\/index.php?rest_route=\/wp\/v2\/posts\/10876\/revisions\/10878"}],"wp:featuredmedia":[{"embeddable":true,"href":"https:\/\/pasaenmendoza.com\/index.php?rest_route=\/wp\/v2\/media\/10877"}],"wp:attachment":[{"href":"https:\/\/pasaenmendoza.com\/index.php?rest_route=%2Fwp%2Fv2%2Fmedia&parent=10876"}],"wp:term":[{"taxonomy":"category","embeddable":true,"href":"https:\/\/pasaenmendoza.com\/index.php?rest_route=%2Fwp%2Fv2%2Fcategories&post=10876"},{"taxonomy":"post_tag","embeddable":true,"href":"https:\/\/pasaenmendoza.com\/index.php?rest_route=%2Fwp%2Fv2%2Ftags&post=10876"}],"curies":[{"name":"wp","href":"https:\/\/api.w.org\/{rel}","templated":true}]}}