{"id":10879,"date":"2025-01-06T14:56:08","date_gmt":"2025-01-06T13:56:08","guid":{"rendered":"https:\/\/pasaenmendoza.com\/?p=10879"},"modified":"2025-01-06T14:56:09","modified_gmt":"2025-01-06T13:56:09","slug":"un-menor-fue-baleado-en-godoy-cruz-y-esta-en-terapia-intensiva","status":"publish","type":"post","link":"https:\/\/pasaenmendoza.com\/?p=10879","title":{"rendered":"Un menor fue baleado en Godoy Cruz y est\u00e1 en terapia intensiva"},"content":{"rendered":"\n<p>Cerca de las 2 de la madrugada de este lunes, un menor fue baleado en el Barrio Bicentenario de<strong>&nbsp;Godoy Cruz.&nbsp;<\/strong>El adolescente tiene 14 a\u00f1os y tuvo que ser internado en terapia intensiva del&nbsp;<strong>Notti&nbsp;<\/strong>producto del hecho.<\/p>\n\n\n\n<p>Fuentes policiales informaron que fueron los mismos vecinos quienes alertaron al 911 cuando se escucharon disparos en la zona.<\/p>\n\n\n\n<p>El menor fue llevado en primer lugar al centro de salud del&nbsp;<strong>Barrio La Estanzuela&nbsp;<\/strong>y fue asistido por una herida de arma de fuego en el abdomen. La misma presentaba un orificio de entrada sin salida.<\/p>\n\n\n\n<p>El menor contin\u00faa en grave estado, ahora en el nosocomio pedi\u00e1trico al que fue derivado en las \u00faltimas horas.<\/p>\n\n\n\n<p>Se est\u00e1n investigando las causas del hecho.<\/p>\n\n\n\n<p><strong>Fuente: www.elsol.com.ar<\/strong><\/p>\n","protected":false},"excerpt":{"rendered":"<p>Cerca de las 2 de la madrugada de este lunes, un menor fue baleado en el Barrio Bicentenario de&nbsp;Godoy Cruz.&nbsp;El adolescente tiene 14 a\u00f1os y tuvo que ser internado en terapia intensiva del&nbsp;Notti&nbsp;producto del hecho. Fuentes policiales informaron que fueron los mismos vecinos quienes alertaron al 911 cuando se escucharon disparos en la zona. El [&hellip;]<\/p>\n","protected":false},"author":2,"featured_media":10880,"comment_status":"open","ping_status":"open","sticky":false,"template":"","format":"standard","meta":[],"categories":[48],"tags":[],"_links":{"self":[{"href":"https:\/\/pasaenmendoza.com\/index.php?rest_route=\/wp\/v2\/posts\/10879"}],"collection":[{"href":"https:\/\/pasaenmendoza.com\/index.php?rest_route=\/wp\/v2\/posts"}],"about":[{"href":"https:\/\/pasaenmendoza.com\/index.php?rest_route=\/wp\/v2\/types\/post"}],"author":[{"embeddable":true,"href":"https:\/\/pasaenmendoza.com\/index.php?rest_route=\/wp\/v2\/users\/2"}],"replies":[{"embeddable":true,"href":"https:\/\/pasaenmendoza.com\/index.php?rest_route=%2Fwp%2Fv2%2Fcomments&post=10879"}],"version-history":[{"count":1,"href":"https:\/\/pasaenmendoza.com\/index.php?rest_route=\/wp\/v2\/posts\/10879\/revisions"}],"predecessor-version":[{"id":10881,"href":"https:\/\/pasaenmendoza.com\/index.php?rest_route=\/wp\/v2\/posts\/10879\/revisions\/10881"}],"wp:featuredmedia":[{"embeddable":true,"href":"https:\/\/pasaenmendoza.com\/index.php?rest_route=\/wp\/v2\/media\/10880"}],"wp:attachment":[{"href":"https:\/\/pasaenmendoza.com\/index.php?rest_route=%2Fwp%2Fv2%2Fmedia&parent=10879"}],"wp:term":[{"taxonomy":"category","embeddable":true,"href":"https:\/\/pasaenmendoza.com\/index.php?rest_route=%2Fwp%2Fv2%2Fcategories&post=10879"},{"taxonomy":"post_tag","embeddable":true,"href":"https:\/\/pasaenmendoza.com\/index.php?rest_route=%2Fwp%2Fv2%2Ftags&post=10879"}],"curies":[{"name":"wp","href":"https:\/\/api.w.org\/{rel}","templated":true}]}}