{"id":1088,"date":"2023-08-31T15:46:12","date_gmt":"2023-08-31T13:46:12","guid":{"rendered":"https:\/\/pasaenmendoza.com\/?p=1088"},"modified":"2023-08-31T15:46:13","modified_gmt":"2023-08-31T13:46:13","slug":"a-los-10-anos-lo-detuvo-la-dictadura-y-la-suprema-corte-le-reconocio-el-derecho-a-una-pension","status":"publish","type":"post","link":"https:\/\/pasaenmendoza.com\/?p=1088","title":{"rendered":"A los 10 a\u00f1os lo detuvo la dictadura y la Suprema Corte le reconoci\u00f3 el derecho a una pensi\u00f3n"},"content":{"rendered":"\n<p>La\u00a0<strong>Suprema Corte de Justicia<\/strong>\u00a0anul\u00f3 un decreto firmado por Alfredo Cornejo en 2018 y concedi\u00f3 una\u00a0<strong>pensi\u00f3n vitalicia<\/strong>\u00a0a un ex detenido durante la dictadura militar\u00a0<strong>cuando ten\u00eda 10 a\u00f1os<\/strong>.<\/p>\n\n\n\n<p>La sentencia de la Sala Segunda lleva la firma de&nbsp;<strong>Omar Palermo y Mario Adaro<\/strong>&nbsp;y establece, adem\u00e1s, que el Gobierno de Mendoza pague al demandante<strong>&nbsp;retroactivos desde 2013 y $250.000 de indemnizaci\u00f3n por da\u00f1o moral<\/strong>.<\/p>\n\n\n\n<p>Para cumplir esta decisi\u00f3n judicial, el gobernador\u00a0<strong>Rodolfo Suarez\u00a0<\/strong>firm\u00f3 el decreto 1.745 que dej\u00f3 sin efecto la negativa de Cornejo de abonar esa pensi\u00f3n de por vida y estableci\u00f3 que\u00a0<strong>debe pagarse cada mes un sueldo clase 10<\/strong>.<\/p>\n\n\n\n<h2 class=\"wp-block-heading\">El caso que resolvi\u00f3 la Suprema Corte de Justicia<\/h2>\n\n\n\n<p>El beneficiario de la pensi\u00f3n vitalicia es&nbsp;<strong>Jos\u00e9 Mart\u00edn Orozco<\/strong>, que en abril de 1976 -con apenas 10 a\u00f1os- fue detenido por militares cuando llegaba a su casa de Ciudad.<strong>&nbsp;Volv\u00eda de la escuela Edmundo D`Amicis, donde cursaba la primaria<\/strong>.<\/p>\n\n\n\n<p>El Ej\u00e9rcito buscaba a su madre,<strong>\u00a0pero se lo llevaron a \u00e9l<\/strong>\u00a0y lo alojaron en tres dependencias de esa fuerza de seguridad en calles 9 de Julio, Boulogne Sur Mer y Emilio Civit.<\/p>\n\n\n\n<p><strong>En 2018, el Gobierno de Mendoza hab\u00eda rechazado el pedido de Orozco alegando que no ten\u00eda pruebas suficientes<\/strong><\/p>\n\n\n\n<p>En 2012 Mendoza sancion\u00f3 la ley provincial 8395 que establece el&nbsp;<strong>pago de una pensi\u00f3n mensual de por vida a los ex detenidos durante la dictadura<\/strong>&nbsp;y Orozco reclam\u00f3 el derecho otorgado por la Legislatura. Sin embargo, en 2018,<strong>&nbsp;el Gobierno rechaz\u00f3 su pretensi\u00f3n<\/strong>&nbsp;alegando que no hab\u00eda pruebas suficientes que demostraran la detenci\u00f3n.<\/p>\n\n\n\n<p><strong>Incluso la Fiscal\u00eda de Estado opin\u00f3 de ese modo, al igual que el Ministerio P\u00fablico Fiscal.<\/strong><\/p>\n\n\n\n<p>Orozco acudi\u00f3 a los tribunales y present\u00f3 una Acci\u00f3n Procesal Administrativa que fue resuelta por los magistrados\u00a0<strong>Palermo y Adaro<\/strong>.<\/p>\n\n\n\n<h2 class=\"wp-block-heading\">Qu\u00e9 consider\u00f3 la Suprema Corte de Justicia<\/h2>\n\n\n\n<p>De acuerdo a pruebas analizadas en el expediente, la Corte mendocina lleg\u00f3 a las siguientes conclusiones:<\/p>\n\n\n\n<p><strong>&#8220;(A Jos\u00e9 Mart\u00edn Orozco) lo subieron a un cami\u00f3n y lo trasladaron a una dependencia militar en calle Boulogne Sur Mer, luego fue trasladado a otra dependencia militar en calle Emilio Civit y luego a otra en calle 9 de Julio. Al d\u00eda siguiente fue liberado. Al llegar a su casa estaba todo revuelto y desordenado, en ese momento tom\u00f3 conocimiento que su madre hab\u00eda sido detenida. Su abuela estaba ordenando todo&#8221;<\/strong><\/p>\n\n\n\n<p><strong>&#8220;La madre declar\u00f3 que mientras ella estaba privada de su libertad en el D2, donde le hac\u00edan interrogatorios con la cara tapada, le dec\u00edan que ten\u00edan a su hijo detenido, para presionarla&#8221;<\/strong><\/p>\n\n\n\n<p><strong>&#8220;Se analizaron copias del prontuario de Quiroga, Geldo Mart\u00edn (t\u00edo de Orozco) llevado a cabo por la Polic\u00eda de Mendoza, donde puede leerse claramente \u201cque se re\u00fane con su hermana, Luc\u00eda Quiroga, quien fuese detenida en abril del 76 junto con su hijo, Jos\u00e9 Mart\u00edn\u201d<\/strong><\/p>\n\n\n\n<p><strong>Fuente: www.diariouno.com.ar<\/strong><\/p>\n","protected":false},"excerpt":{"rendered":"<p>La\u00a0Suprema Corte de Justicia\u00a0anul\u00f3 un decreto firmado por Alfredo Cornejo en 2018 y concedi\u00f3 una\u00a0pensi\u00f3n vitalicia\u00a0a un ex detenido durante la dictadura militar\u00a0cuando ten\u00eda 10 a\u00f1os. La sentencia de la Sala Segunda lleva la firma de&nbsp;Omar Palermo y Mario Adaro&nbsp;y establece, adem\u00e1s, que el Gobierno de Mendoza pague al demandante&nbsp;retroactivos desde 2013 y $250.000 de [&hellip;]<\/p>\n","protected":false},"author":2,"featured_media":1091,"comment_status":"open","ping_status":"open","sticky":false,"template":"","format":"standard","meta":[],"categories":[60],"tags":[],"_links":{"self":[{"href":"https:\/\/pasaenmendoza.com\/index.php?rest_route=\/wp\/v2\/posts\/1088"}],"collection":[{"href":"https:\/\/pasaenmendoza.com\/index.php?rest_route=\/wp\/v2\/posts"}],"about":[{"href":"https:\/\/pasaenmendoza.com\/index.php?rest_route=\/wp\/v2\/types\/post"}],"author":[{"embeddable":true,"href":"https:\/\/pasaenmendoza.com\/index.php?rest_route=\/wp\/v2\/users\/2"}],"replies":[{"embeddable":true,"href":"https:\/\/pasaenmendoza.com\/index.php?rest_route=%2Fwp%2Fv2%2Fcomments&post=1088"}],"version-history":[{"count":1,"href":"https:\/\/pasaenmendoza.com\/index.php?rest_route=\/wp\/v2\/posts\/1088\/revisions"}],"predecessor-version":[{"id":1095,"href":"https:\/\/pasaenmendoza.com\/index.php?rest_route=\/wp\/v2\/posts\/1088\/revisions\/1095"}],"wp:featuredmedia":[{"embeddable":true,"href":"https:\/\/pasaenmendoza.com\/index.php?rest_route=\/wp\/v2\/media\/1091"}],"wp:attachment":[{"href":"https:\/\/pasaenmendoza.com\/index.php?rest_route=%2Fwp%2Fv2%2Fmedia&parent=1088"}],"wp:term":[{"taxonomy":"category","embeddable":true,"href":"https:\/\/pasaenmendoza.com\/index.php?rest_route=%2Fwp%2Fv2%2Fcategories&post=1088"},{"taxonomy":"post_tag","embeddable":true,"href":"https:\/\/pasaenmendoza.com\/index.php?rest_route=%2Fwp%2Fv2%2Ftags&post=1088"}],"curies":[{"name":"wp","href":"https:\/\/api.w.org\/{rel}","templated":true}]}}