{"id":10901,"date":"2025-01-07T15:00:18","date_gmt":"2025-01-07T14:00:18","guid":{"rendered":"https:\/\/pasaenmendoza.com\/?p=10901"},"modified":"2025-01-07T15:09:49","modified_gmt":"2025-01-07T14:09:49","slug":"el-tiempo-en-mendoza-para-este-martes-el-calor-no-cede-y-continua-el-alerta-por-tormentas-y-granizo","status":"publish","type":"post","link":"https:\/\/pasaenmendoza.com\/?p=10901","title":{"rendered":"El tiempo en Mendoza para este martes: el calor no cede y contin\u00faa el alerta por tormentas y granizo"},"content":{"rendered":"\n<p>La<strong>&nbsp;temperatura m\u00e1xima<\/strong>&nbsp;para este martes alcanzar\u00e1 los<strong>&nbsp;38 grados cent\u00edgrados<\/strong>, en tanto que la&nbsp;<strong>m\u00ednima&nbsp;<\/strong>ser\u00e1 elevada:<strong>&nbsp;23 grados cent\u00edgrados<\/strong>.<\/p>\n\n\n\n<p>El pron\u00f3stico de la&nbsp;<strong>Direcci\u00f3n de Contingencias Clim\u00e1ticas<\/strong>&nbsp;adelant\u00f3 que estar\u00e1&nbsp;<em>\u201cmuy caluroso con nubosidad variable, vientos moderados del noreste y tormentas aisladas a partir de la tarde\u201d<\/em>.<\/p>\n\n\n\n<p>Adem\u00e1s, rige la&nbsp;<strong>alerta por la posibilidad<\/strong>&nbsp;de&nbsp;<em>\u201cgranizo en el sur provincial y precipitaciones en cordillera\u201d<\/em>.<\/p>\n\n\n\n<p>En cuanto para el d\u00eda mi\u00e9rcoles, se espera una&nbsp;<strong>temperatura m\u00e1xima de 36 grados<\/strong>&nbsp;y una&nbsp;<strong>m\u00ednima de 21 grados<\/strong>. Esto sumado a una jornada&nbsp;<em>\u201cinestable con nubosidad variable y tormentas aisladas, vientos del noreste rotando al sector sur\u201d<\/em>.<\/p>\n\n\n\n<h2 class=\"wp-block-heading\" id=\"h-alerta-naranja-y-amarilla\">Alerta naranja y amarilla<\/h2>\n\n\n\n<p>El Servicio Meteorol\u00f3gico Nacional lanz\u00f3 dos advertencias en nivel naranja y amarillo para distintas zonas de la provincia por tormentas.<\/p>\n\n\n\n<p><strong>En nivel naranja, ubic\u00f3 al este de Las Heras, La Paz, Lavalle, San Mart\u00edn y Santa Rosa<\/strong>, que esperan fuertes tormentas&nbsp;<strong>para la tarde del martes<\/strong>. Pero tambi\u00e9n para&nbsp;<strong>General Alvear y la zona baja de San Rafael<\/strong>, tanto&nbsp;<strong>para la noche de este lunes, como para la tarde del martes.<\/strong><\/p>\n\n\n\n<p>El alerta naranja implica que \u201c<em>el \u00e1rea ser\u00e1 afectada por<strong>&nbsp;tormentas aisladas, algunas localmente fuertes o severas.<\/strong>&nbsp;Las mismas estar\u00e1n acompa\u00f1adas por abundante precipitaci\u00f3n en cortos per\u00edodos, actividad el\u00e9ctrica intensa,&nbsp;<strong>granizo<\/strong>&nbsp;de diversos tama\u00f1os y principalmente<strong>&nbsp;r\u00e1fagas que podr\u00edan superar los 90 kil\u00f3metros por hora<\/strong>. Se prev\u00e9n valores de precipitaci\u00f3n acumulada entre 40 y 70 mil\u00edmetros, que pueden ser superados de forma puntual<\/em>\u201c.<\/p>\n\n\n\n<p>En tanto, el alerta amarilla para las mismas zonas, pero hacia la noche, implica que \u201c<em>el \u00e1rea ser\u00e1 afectada por tormentas aisladas, algunas localmente fuertes o severas. Las mismas estar\u00e1n acompa\u00f1adas por abundante precipitaci\u00f3n en cortos per\u00edodos, actividad el\u00e9ctrica intensa,&nbsp;<strong>granizo<\/strong>&nbsp;y&nbsp;<strong>r\u00e1fagas que podr\u00edan superar los 60 kil\u00f3metros por hora<\/strong>. Se prev\u00e9n valores de precipitaci\u00f3n acumulada entre 20 y 40 mil\u00edmetros, que pueden ser superados de forma puntual<\/em>\u201c.<\/p>\n\n\n\n<p>En esta misma condici\u00f3n est\u00e1n<strong>&nbsp;Jun\u00edn, Rivadavia, Valles de Luj\u00e1n de Cuyo, Valles de San Carlos, Valles de Tunuy\u00e1n y Valles de Tupungato, pero para la tarde y noche del martes<\/strong>.<\/p>\n\n\n\n<p><strong>Fuente: www.elsol.com.ar<\/strong><\/p>\n","protected":false},"excerpt":{"rendered":"<p>La&nbsp;temperatura m\u00e1xima&nbsp;para este martes alcanzar\u00e1 los&nbsp;38 grados cent\u00edgrados, en tanto que la&nbsp;m\u00ednima&nbsp;ser\u00e1 elevada:&nbsp;23 grados cent\u00edgrados. El pron\u00f3stico de la&nbsp;Direcci\u00f3n de Contingencias Clim\u00e1ticas&nbsp;adelant\u00f3 que estar\u00e1&nbsp;\u201cmuy caluroso con nubosidad variable, vientos moderados del noreste y tormentas aisladas a partir de la tarde\u201d. Adem\u00e1s, rige la&nbsp;alerta por la posibilidad&nbsp;de&nbsp;\u201cgranizo en el sur provincial y precipitaciones en cordillera\u201d. En [&hellip;]<\/p>\n","protected":false},"author":2,"featured_media":10906,"comment_status":"open","ping_status":"open","sticky":false,"template":"","format":"standard","meta":[],"categories":[46,52],"tags":[],"_links":{"self":[{"href":"https:\/\/pasaenmendoza.com\/index.php?rest_route=\/wp\/v2\/posts\/10901"}],"collection":[{"href":"https:\/\/pasaenmendoza.com\/index.php?rest_route=\/wp\/v2\/posts"}],"about":[{"href":"https:\/\/pasaenmendoza.com\/index.php?rest_route=\/wp\/v2\/types\/post"}],"author":[{"embeddable":true,"href":"https:\/\/pasaenmendoza.com\/index.php?rest_route=\/wp\/v2\/users\/2"}],"replies":[{"embeddable":true,"href":"https:\/\/pasaenmendoza.com\/index.php?rest_route=%2Fwp%2Fv2%2Fcomments&post=10901"}],"version-history":[{"count":2,"href":"https:\/\/pasaenmendoza.com\/index.php?rest_route=\/wp\/v2\/posts\/10901\/revisions"}],"predecessor-version":[{"id":10908,"href":"https:\/\/pasaenmendoza.com\/index.php?rest_route=\/wp\/v2\/posts\/10901\/revisions\/10908"}],"wp:featuredmedia":[{"embeddable":true,"href":"https:\/\/pasaenmendoza.com\/index.php?rest_route=\/wp\/v2\/media\/10906"}],"wp:attachment":[{"href":"https:\/\/pasaenmendoza.com\/index.php?rest_route=%2Fwp%2Fv2%2Fmedia&parent=10901"}],"wp:term":[{"taxonomy":"category","embeddable":true,"href":"https:\/\/pasaenmendoza.com\/index.php?rest_route=%2Fwp%2Fv2%2Fcategories&post=10901"},{"taxonomy":"post_tag","embeddable":true,"href":"https:\/\/pasaenmendoza.com\/index.php?rest_route=%2Fwp%2Fv2%2Ftags&post=10901"}],"curies":[{"name":"wp","href":"https:\/\/api.w.org\/{rel}","templated":true}]}}