{"id":10903,"date":"2025-01-07T15:06:23","date_gmt":"2025-01-07T14:06:23","guid":{"rendered":"https:\/\/pasaenmendoza.com\/?p=10903"},"modified":"2025-01-07T15:06:24","modified_gmt":"2025-01-07T14:06:24","slug":"desperfecto-electrico-incendio-y-perdidas-totales-para-una-carniceria-en-la-ciudad-de-mendoza","status":"publish","type":"post","link":"https:\/\/pasaenmendoza.com\/?p=10903","title":{"rendered":"Desperfecto el\u00e9ctrico, incendio y p\u00e9rdidas totales para una carnicer\u00eda en la Ciudad de Mendoza"},"content":{"rendered":"\n<p>Una\u00a0<strong>carnicer\u00eda\u00a0<\/strong>en\u00a0la\u00a0<strong>Ciudad de Mendoza<\/strong>\u00a0se\u00a0<strong>incendi\u00f3\u00a0<\/strong>en las primeras horas de este martes y tuvo p\u00e9rdidas totales. El siniestro se habr\u00eda originado por una falla el\u00e9ctrica. \u00a0<\/p>\n\n\n\n<p>Eran alrededor de las 4:30 cuando ingres\u00f3\u00a0un llamado a la l\u00ednea de emergencias por\u00a0un\u00a0siniestro en Padre Llorens y Paso De los Andes, en el barrio San Mart\u00edn de\u00a0<strong>Ciudad<\/strong>, el cual daba cuenta de una\u00a0<strong>carnicer\u00eda\u00a0<\/strong>como lugar del hecho.<\/p>\n\n\n\n<p>Al llegar&nbsp;al lugar, el personal de Bomberos&nbsp;comenz\u00f3&nbsp;a trabajar para intentar controlar el&nbsp;<strong>incendio<\/strong>, pero no lograban&nbsp;ingresar en la propiedad, ya que lo imped\u00edan las rejas y los portones. Luego, un empleado de la&nbsp;<strong>carnicer\u00eda&nbsp;<\/strong>lleg\u00f3 y permiti\u00f3 el acceso, al tiempo que coment\u00f3 que los due\u00f1os del comercio estaban fuera de la provincia.<\/p>\n\n\n\n<p>A partir de ese momento, los Bomberos Voluntarios de Ciudad observaron\u00a0que la situaci\u00f3n pod\u00eda tomar\u00a0mayores dimensiones, por lo que comenzaron a trabajar de manera preventiva sobre las casas colindantes. Despu\u00e9s, consiguieron controlar la situaci\u00f3n.<\/p>\n\n\n\n<p>Finalmente, se conoci\u00f3 que el\u00a0<strong>incendio\u00a0<\/strong>se habr\u00eda originado por un desperfecto el\u00e9ctrico que afect\u00f3 a varias heladeras y termin\u00f3 ocasionando p\u00e9rdidas totales en el lugar.<\/p>\n\n\n\n<p><strong>Fuente: www.mdzol.com<\/strong><\/p>\n","protected":false},"excerpt":{"rendered":"<p>Una\u00a0carnicer\u00eda\u00a0en\u00a0la\u00a0Ciudad de Mendoza\u00a0se\u00a0incendi\u00f3\u00a0en las primeras horas de este martes y tuvo p\u00e9rdidas totales. El siniestro se habr\u00eda originado por una falla el\u00e9ctrica. \u00a0 Eran alrededor de las 4:30 cuando ingres\u00f3\u00a0un llamado a la l\u00ednea de emergencias por\u00a0un\u00a0siniestro en Padre Llorens y Paso De los Andes, en el barrio San Mart\u00edn de\u00a0Ciudad, el cual daba cuenta [&hellip;]<\/p>\n","protected":false},"author":2,"featured_media":10904,"comment_status":"open","ping_status":"open","sticky":false,"template":"","format":"standard","meta":[],"categories":[48],"tags":[],"_links":{"self":[{"href":"https:\/\/pasaenmendoza.com\/index.php?rest_route=\/wp\/v2\/posts\/10903"}],"collection":[{"href":"https:\/\/pasaenmendoza.com\/index.php?rest_route=\/wp\/v2\/posts"}],"about":[{"href":"https:\/\/pasaenmendoza.com\/index.php?rest_route=\/wp\/v2\/types\/post"}],"author":[{"embeddable":true,"href":"https:\/\/pasaenmendoza.com\/index.php?rest_route=\/wp\/v2\/users\/2"}],"replies":[{"embeddable":true,"href":"https:\/\/pasaenmendoza.com\/index.php?rest_route=%2Fwp%2Fv2%2Fcomments&post=10903"}],"version-history":[{"count":1,"href":"https:\/\/pasaenmendoza.com\/index.php?rest_route=\/wp\/v2\/posts\/10903\/revisions"}],"predecessor-version":[{"id":10905,"href":"https:\/\/pasaenmendoza.com\/index.php?rest_route=\/wp\/v2\/posts\/10903\/revisions\/10905"}],"wp:featuredmedia":[{"embeddable":true,"href":"https:\/\/pasaenmendoza.com\/index.php?rest_route=\/wp\/v2\/media\/10904"}],"wp:attachment":[{"href":"https:\/\/pasaenmendoza.com\/index.php?rest_route=%2Fwp%2Fv2%2Fmedia&parent=10903"}],"wp:term":[{"taxonomy":"category","embeddable":true,"href":"https:\/\/pasaenmendoza.com\/index.php?rest_route=%2Fwp%2Fv2%2Fcategories&post=10903"},{"taxonomy":"post_tag","embeddable":true,"href":"https:\/\/pasaenmendoza.com\/index.php?rest_route=%2Fwp%2Fv2%2Ftags&post=10903"}],"curies":[{"name":"wp","href":"https:\/\/api.w.org\/{rel}","templated":true}]}}