{"id":10917,"date":"2025-01-07T21:31:15","date_gmt":"2025-01-07T20:31:15","guid":{"rendered":"https:\/\/pasaenmendoza.com\/?p=10917"},"modified":"2025-01-07T21:31:16","modified_gmt":"2025-01-07T20:31:16","slug":"buscas-trabajo-los-consejos-de-los-expertos-para-encontrar-empleo-en-mendoza","status":"publish","type":"post","link":"https:\/\/pasaenmendoza.com\/?p=10917","title":{"rendered":"\u00bfBusc\u00e1s trabajo? Los consejos de los expertos para encontrar empleo en Mendoza"},"content":{"rendered":"\n<p>La b\u00fasqueda de\u00a0<strong>trabajo\u00a0<\/strong>es un problema que traspasa cada a\u00f1o y que afecta a millones de personas en todo el pa\u00eds. Prueba de esto son los datos del desempleo en la Argentina, que marcaron que casi un 7% de adultos que buscan trabajo se encuentran desocupados, mientras que\u00a0<strong>en Mendoza<\/strong>, los datos oficiales informaron que un 5% de personas est\u00e1n en dicha condici\u00f3n.<\/p>\n\n\n\n<p>Es por este motivo que las herramientas e informaci\u00f3n \u00fatil a la hora de buscar trabajo son siempre bien recibidos, m\u00e1s a\u00fan si vienen por parte de profesionales especializados, tanto del \u00e1mbito estatal como privado.<\/p>\n\n\n\n<h2 class=\"wp-block-heading\" id=\"h-las-tendencias-del-mercado-laboral\">Las tendencias del mercado laboral<\/h2>\n\n\n\n<p>Desde la compa\u00f1\u00eda&nbsp;<strong>Grupo Gesti\u00f3n<\/strong>, especializada en \u201c<em>b\u00fasqueda, selecci\u00f3n y gesti\u00f3n de capital humano<\/em>\u201c, seg\u00fan su propia web, se recomendaron los siguientes puntos destacados como \u201c<em>las tendencias clave que marcar\u00e1n el mercado laboral en 2025\u2033<\/em>.<\/p>\n\n\n\n<ul>\n<li><strong>Crecimiento de los empleos temporales y el trabajo por proyectos.<\/strong><\/li>\n<\/ul>\n\n\n\n<p>\u201c<em>Las empresas est\u00e1n adoptando, cada vez m\u00e1s, las&nbsp;<strong>contrataciones temporales&nbsp;<\/strong>en lugar de posiciones de tiempo indeterminado como soluci\u00f3n a reemplazos, picos de trabajo y otras eventualidades, con el objetivo de ganar agilidad y eficiencia en la gesti\u00f3n de recursos<\/em>\u201c, escribi\u00f3 Grupo Gesti\u00f3n.<\/p>\n\n\n\n<p>En&nbsp;<strong>Mendoza<\/strong>, los empleos temporarios son mucho menos populares que en el resto del pa\u00eds. Seg\u00fan datos del&nbsp;<strong>Instituto Nacional de Estad\u00edsticas y Censos (INDEC),<\/strong>&nbsp;en 2024&nbsp;<strong>la provincia se ubic\u00f3 entre las jurisdicciones con menor cantidad de empleados en estas condiciones.<\/strong><\/p>\n\n\n\n<figure class=\"wp-block-image\"><img decoding=\"async\" src=\"https:\/\/i0.wp.com\/newspack-elsol.s3.amazonaws.com\/wp-content\/uploads\/2025\/01\/image-27.png?resize=694%2C394&amp;ssl=1\" alt=\"\" class=\"wp-image-2048125\"\/><\/figure>\n\n\n\n<p>En comparaci\u00f3n con otras zonas de la Argentina, la provincia se ubica en la parte baja de la tabla, al ser superada ampliamente por el Gran Buenos Aires (<strong>14.685<\/strong>); Ciudad de Buenos Aires (<strong>9.500<\/strong>); el resto de Buenos Aires (<strong>5.171<\/strong>); Santa Fe (<strong>3.659<\/strong>) y C\u00f3rdoba (<strong>2.974<\/strong>).<\/p>\n\n\n\n<p>La cifra respecto a Mendoza supuso un&nbsp;<strong>4,6%<\/strong>&nbsp;del total de empleados temporarios en el pa\u00eds, que fue de&nbsp;<strong>42.245.<\/strong><\/p>\n\n\n\n<ul>\n<li><strong>Nuevo equilibrio entre trabajo remoto y presencial.<\/strong><\/li>\n<\/ul>\n\n\n\n<p>\u201c<em>Adaptarse a estas modalidades puede abrir oportunidades en sectores diversos, desde la manufactura hasta servicios profesionales\u201d<\/em>, inform\u00f3 la compa\u00f1\u00eda.<\/p>\n\n\n\n<p>A esto, el mendocino&nbsp;<strong>Juan Fernando Cepparo<\/strong>, especialista en Recursos Humanos, agreg\u00f3 que, para una adaptaci\u00f3n exitosa a la modalidad de trabajo en remoto, el trabajador debe \u201c<em>tratar de tener herramientas propias para hacer&nbsp;<strong>home office<\/strong><\/em>\u201c. Esto quiere decir: una conexi\u00f3n estable de internet y un buen tel\u00e9fono o, preferiblemente, una computadora.<\/p>\n\n\n\n<p>Esto pensando en que, en caso de conseguir una oportunidad laboral de este tipo, uno pueda incorporarse de manera inmediata sin problemas.<\/p>\n\n\n\n<ul>\n<li><strong>Demanda creciente de habilidades tecnol\u00f3gicas.<\/strong><\/li>\n<\/ul>\n\n\n\n<p>En el informe del Grupo Gesti\u00f3n se expuso que&nbsp;<em>\u201clas competencias tecnol\u00f3gicas de los candidatos, r\u00e1pidamente, se fueron convirtiendo en un diferenciador clave en el mercado laboral en constante cambio\u201d.<\/em><\/p>\n\n\n\n<p>Cepparo coincidi\u00f3 con este punto, y consider\u00f3: \u201c<em>En el rubro de la tecnolog\u00eda, principalmente, hay una escasez de talento y una gran oferta\u201d.<\/em><\/p>\n\n\n\n<ul>\n<li><strong>M\u00e1s LinkedIn y postulaciones online.<\/strong><\/li>\n<\/ul>\n\n\n\n<p><em>\u201cAl momento de buscar empleo, es fundamental tener actualizado el perfil en&nbsp;<strong>LinkedIn<\/strong>, la principal red social de b\u00fasqueda de oportunidades laborales\u201d,&nbsp;<\/em>recomend\u00f3 la empresa enfocada en el mercado laboral.<\/p>\n\n\n\n<p>El especialista mendocino apoy\u00f3 la importancia de estar presente en la plataforma LinkedIn, pero agreg\u00f3 buscar en otras p\u00e1ginas similares y tambi\u00e9n un importante espacio donde se suele acceder a redes de contactos, muchas veces vitales para encontrar empleo en Mendoza.<\/p>\n\n\n\n<p><strong>Computrabajo; Bumeran y Postularse.com<\/strong>, fueron las webs que Cepparo recomend\u00f3, adem\u00e1s incluy\u00f3 los grupos de b\u00fasqueda de trabajo en&nbsp;<strong>Facebook, Instagram y WhatsApp.<\/strong><\/p>\n\n\n\n<p>Adem\u00e1s se\u00f1al\u00f3 la importancia de&nbsp;<strong>acudir de forma presencial a ferias y convenciones de rubros espec\u00edficos<\/strong>:&nbsp;<em>\u201cTodos los profesionales se tienen que acercar a esos lugares, con su CV o tarjetas, y hablar con gente\u201d<\/em>. El especialista en Recursos Humanos explic\u00f3 que&nbsp;<strong>\u201c<em>en Mendoza es muy importante contar con contacto<\/em>s\u201d,<\/strong>&nbsp;y en estos espacios es muy posible conseguirlos.<\/p>\n\n\n\n<ul>\n<li><strong>Conocer las industrias en crecimiento.<\/strong><\/li>\n<\/ul>\n\n\n\n<p>En el \u00faltimo punto recomendado se inform\u00f3 sobre la importancia de&nbsp;<em>\u201cconocer cu\u00e1les son los sectores en auge y adaptar las habilidades y competencias a sus necesidades ser\u00e1 clave para destacar en un mercado competitivo\u201d<\/em>.<\/p>\n\n\n\n<p>A esto, Cepparo explic\u00f3 que, adem\u00e1s de investigar qu\u00e9 sectores se encuentran en crecimiento, es vital\u00a0<strong>\u201c<em>formarse para cumplir con las competencias requeridas\u201d<\/em>.<\/strong><\/p>\n\n\n\n<h2 class=\"wp-block-heading\" id=\"h-otras-valoraciones\">Otras valoraciones<\/h2>\n\n\n\n<p>Aparte de las recomendaciones de Grupo Gesti\u00f3n, Cepparo explic\u00f3 otros puntos con gran influencia a la hora de encontrar trabajo.<\/p>\n\n\n\n<p>Entre las aptitudes que tienen un importante peso para los empleadores, el especialista diferenci\u00f3 dos distintas \u00e1reas donde se debe instruir una persona interesada en crecer en este apartado:<\/p>\n\n\n\n<p>Primero, las \u201c<strong>soft skills<\/strong>\u201c, que incluyen aptitudes como:<strong>&nbsp;comunicaci\u00f3n efectiva<\/strong>;&nbsp;<strong>resiliencia; trabajo en equipo y gesti\u00f3n del tiempo<\/strong>. Estas habilidades permiten conseguir una mayor eficiencia personal y un buen clima en un ambiente laboral.<\/p>\n\n\n\n<p>Luego, Cepparo mencion\u00f3 las \u201c<strong>hard skills<\/strong>\u201c, en donde destac\u00f3 aptitudes m\u00e1s concretas como el&nbsp;<strong>uso aplicado de nuevas tecnolog\u00edas<\/strong>&nbsp;(manejo de software, Excel, inteligencia artificial y herramientas de programaci\u00f3n) y el<strong>&nbsp;habla de idiomas extranjeros<\/strong>, principalmente el ingl\u00e9s.<\/p>\n\n\n\n<p>Sobre la ense\u00f1anza de estas habilidades, el especialista en recursos humanos, alert\u00f3 una falencia en el sistema educativo para instruir a los j\u00f3venes sobre estos contenidos antes de que se integren en el mercado laboral.&nbsp;<strong>\u201c<em>Los nuevos trabajadores no desarrollan esto en la secundaria<\/em><\/strong>\u201c, aquej\u00f3.<\/p>\n\n\n\n<p>En esta l\u00ednea, Cepparo alent\u00f3 a que la gente siga form\u00e1ndose:\u00a0<strong>\u201c<em>Si haces un curso, de verdad hay un cambio importante<\/em><\/strong><em>. Hay cosas b\u00e1sicas que la gente no trae, que puede adquirir de esta manera\u201d.<\/em><\/p>\n\n\n\n<h2 class=\"wp-block-heading\" id=\"h-recomendaciones-del-sector-publico\">Recomendaciones del sector p\u00fablico<\/h2>\n\n\n\n<p>Por otro lado, el&nbsp;<strong>director de Recursos Humanos de la Ciudad de Mendoza<\/strong>,&nbsp;<strong>Alfredo Guzzo<\/strong>, tambi\u00e9n comparti\u00f3 su valoraci\u00f3n de los puntos recomendables en la b\u00fasqueda de&nbsp;<strong>trabajo en Mendoza<\/strong>.<\/p>\n\n\n\n<p>Primero, el funcionario comparti\u00f3 lo expuesto en los puntos anteriores, y sum\u00f3 otras recomendaciones.<\/p>\n\n\n\n<ul>\n<li><strong>Desarrollo de Habilidades Digitales y Tecnol\u00f3gicas Prioritarias.<\/strong><\/li>\n<\/ul>\n\n\n\n<p>Guzzo se\u00f1al\u00f3 2 apartados en este punto. Primero la \u201c<em>automatizaci\u00f3n, Inteligencia Artificial, An\u00e1lisis de datos, ciberseguridad y desarrollo de software\u201d<\/em>, y luego las \u201ccompetencias digitales b\u00e1sicas\u201d, donde incluy\u00f3 el \u201cmanejo avanzado\u201d de las herramientas tecnol\u00f3gicas.<\/p>\n\n\n\n<p>Esta valoraci\u00f3n es acorde a lo expresado por Cepparo.<\/p>\n\n\n\n<ul>\n<li><strong>Enfoque en la Sostenibilidad.<\/strong><\/li>\n<\/ul>\n\n\n\n<p>Seg\u00fan el director de recursos humanos:&nbsp;<em>\u201cLas empresas buscan empleados comprometidos con la sostenibilidad, y habilidades en econom\u00eda circular y desarrollo sostenible ser\u00e1n un plus\u201d.<\/em><\/p>\n\n\n\n<ul>\n<li><strong>\u00c9nfasis en Habilidades Blandas.<\/strong><\/li>\n<\/ul>\n\n\n\n<p>Nuevamente, en la misma l\u00ednea del especialista mendocino, Guzzo destac\u00f3 las \u201cSoft skills\u201d (habilidades blandas), en donde, adem\u00e1s de algunas ya nombradas por Cepparo, destac\u00f3 otras aptitudes:<\/p>\n\n\n\n<p>\u201c<em>Habilidades como liderazgo transformacional y regenerativo, resoluci\u00f3n de problemas, adaptabilidad, trabajo en equipo, escucha activa. Inteligencia emocional y social y comunicaci\u00f3n asertiva ser\u00e1n igualmente valoradas que las habilidades t\u00e9cnicas\u201d.<\/em><\/p>\n\n\n\n<ul>\n<li><strong>Bienestar Personal y Organizacional.<\/strong><\/li>\n<\/ul>\n\n\n\n<p>Por \u00faltimo, el funcionario de la Ciudad de Mendoza explic\u00f3 la importancia del aporte a la&nbsp;<em>\u201ccreaci\u00f3n de entornos saludables<\/em>\u201d en el \u00e1mbito laboral.<\/p>\n\n\n\n<p><em>\u201cLa salud mental y el bienestar organizacional son centrales, estimo que las empresas valoraran profesionales que puedan contribuir a la creaci\u00f3n de entornos saludables\u201d.<\/em><\/p>\n\n\n\n<p>Adem\u00e1s, de estos 4 puntos, Guzzo a\u00f1adi\u00f3 otras \u201csugerencias para aspirantes\u201d:<\/p>\n\n\n\n<ul>\n<li>\u201c<em><strong>Actualizar el CV y LinkedIn<\/strong>: resaltar habilidades tecnol\u00f3gicas, logros medibles y experiencia en trabajo remoto\u201d.<\/em><\/li>\n<\/ul>\n\n\n\n<p>Esta recomendaci\u00f3n tambi\u00e9n fue tocada por Cepparo, quien explic\u00f3 que \u201c<em>las personas con perfiles m\u00e1s profesionales deben adaptar su curriculum al empleo esperado\u201d<\/em>, y tambi\u00e9n recomend\u00f3 el uso de la inteligencia artificial para mejorar el atractivo de un CV.<\/p>\n\n\n\n<ul>\n<li><strong>\u201c<em>Mantener una Red de Contactos Activa<\/em><\/strong><em>: participar en eventos virtuales y comunidades profesionales para mantenerse visible en el mercado laboral\u201d.<\/em><\/li>\n<\/ul>\n\n\n\n<p>Con esto, el funcionario agrand\u00f3 la cantidad de espacios donde un interesado en entrar en un rubro espec\u00edfico puede comenzar a formar redes dentro del mismo.<\/p>\n\n\n\n<p>Por \u00faltimo, desde la<strong>&nbsp;Subsecretar\u00eda de Empleo y Capacitaci\u00f3n del Ministerio de Producci\u00f3n de la Provincia de Mendoza<\/strong>, compartieron sus recomendaciones para los mendocinos en b\u00fasqueda de empleo.<\/p>\n\n\n\n<p><em>\u201cConocer y hacer uso de canales gubernamentales locales<\/em>\u201c. En este apartado se promocionaron los medios de empleabilidad del propio Gobierno provincial:<\/p>\n\n\n\n<p>\u201c<em>La provincia de Mendoza posee pol\u00edticas p\u00fablicas activas para que las empresas puedan mejorar las condiciones de empleabilidad de las personas y generar puestos de trabajo formal\u201d, destacan.<\/em><\/p>\n\n\n\n<p>Finalmente, desde Provincia se dio una \u00fatil distinci\u00f3n entre los rubros mendocinos: se se\u00f1alaron los sectores de \u201c<strong>mayor dinamismo y con m\u00e1s demanda de mano de obra<\/strong>\u201d en Mendoza, junto con los puestos solicitados.<\/p>\n\n\n\n<ul>\n<li><strong>Tecnolog\u00eda e innovaci\u00f3n<\/strong>&nbsp;(desarrolladores de software frontend, backend y full-stack), analistas de datos y especialistas en inteligencia artificial, t\u00e9cnicos en ciberseguridad.<\/li>\n\n\n\n<li><strong>Turismo y Hospitalidad&nbsp;<\/strong>(oficios y profesiones ligadas al enoturismo, gastronom\u00eda de alta gama, turismo sostenible, marketing digital y gesti\u00f3n de redes sociales para el sector tur\u00edstico, fuerte demanda de manjeo de idiomas).<\/li>\n\n\n\n<li><strong>Vitivinicultura y Agroindustria&nbsp;<\/strong>(ingenieros agr\u00f3nomos y especialistas en gesti\u00f3n de cultivos sostenibles, t\u00e9cnicos en maquinaria agr\u00edcola y automatizaci\u00f3n de procesos, operarios calificados en bodegas para la producci\u00f3n y log\u00edstica).<\/li>\n\n\n\n<li><strong>Energ\u00edas Renovables y Econom\u00eda Verde<\/strong>&nbsp;(instaladores y t\u00e9cnicos en paneles solares y sistemas fotovoltaicos, especialistas en eficiencia energ\u00e9tica para edificios y empresas, ingenieros en energ\u00edas renovables y consultores en sostenibilidad, riego inteligente).<\/li>\n\n\n\n<li><strong>Log\u00edstica\u00a0<\/strong>(especialistas en log\u00edstica y distribuci\u00f3n, operadores de dep\u00f3sitos y gesti\u00f3n de inventarios con manejo de tecnolog\u00edas digitales, t\u00e9cnicos en mantenimiento y automatizaci\u00f3n).<\/li>\n<\/ul>\n\n\n\n<p><strong>Fuente: www.elsol.com.ar<\/strong><\/p>\n","protected":false},"excerpt":{"rendered":"<p>La b\u00fasqueda de\u00a0trabajo\u00a0es un problema que traspasa cada a\u00f1o y que afecta a millones de personas en todo el pa\u00eds. Prueba de esto son los datos del desempleo en la Argentina, que marcaron que casi un 7% de adultos que buscan trabajo se encuentran desocupados, mientras que\u00a0en Mendoza, los datos oficiales informaron que un 5% [&hellip;]<\/p>\n","protected":false},"author":2,"featured_media":10919,"comment_status":"open","ping_status":"open","sticky":false,"template":"","format":"standard","meta":[],"categories":[50],"tags":[],"_links":{"self":[{"href":"https:\/\/pasaenmendoza.com\/index.php?rest_route=\/wp\/v2\/posts\/10917"}],"collection":[{"href":"https:\/\/pasaenmendoza.com\/index.php?rest_route=\/wp\/v2\/posts"}],"about":[{"href":"https:\/\/pasaenmendoza.com\/index.php?rest_route=\/wp\/v2\/types\/post"}],"author":[{"embeddable":true,"href":"https:\/\/pasaenmendoza.com\/index.php?rest_route=\/wp\/v2\/users\/2"}],"replies":[{"embeddable":true,"href":"https:\/\/pasaenmendoza.com\/index.php?rest_route=%2Fwp%2Fv2%2Fcomments&post=10917"}],"version-history":[{"count":1,"href":"https:\/\/pasaenmendoza.com\/index.php?rest_route=\/wp\/v2\/posts\/10917\/revisions"}],"predecessor-version":[{"id":10923,"href":"https:\/\/pasaenmendoza.com\/index.php?rest_route=\/wp\/v2\/posts\/10917\/revisions\/10923"}],"wp:featuredmedia":[{"embeddable":true,"href":"https:\/\/pasaenmendoza.com\/index.php?rest_route=\/wp\/v2\/media\/10919"}],"wp:attachment":[{"href":"https:\/\/pasaenmendoza.com\/index.php?rest_route=%2Fwp%2Fv2%2Fmedia&parent=10917"}],"wp:term":[{"taxonomy":"category","embeddable":true,"href":"https:\/\/pasaenmendoza.com\/index.php?rest_route=%2Fwp%2Fv2%2Fcategories&post=10917"},{"taxonomy":"post_tag","embeddable":true,"href":"https:\/\/pasaenmendoza.com\/index.php?rest_route=%2Fwp%2Fv2%2Ftags&post=10917"}],"curies":[{"name":"wp","href":"https:\/\/api.w.org\/{rel}","templated":true}]}}