{"id":10918,"date":"2025-01-07T21:26:43","date_gmt":"2025-01-07T20:26:43","guid":{"rendered":"https:\/\/pasaenmendoza.com\/?p=10918"},"modified":"2025-01-07T21:26:44","modified_gmt":"2025-01-07T20:26:44","slug":"cual-es-el-estado-de-salud-del-adolescente-baleado-en-godoy-cruz","status":"publish","type":"post","link":"https:\/\/pasaenmendoza.com\/?p=10918","title":{"rendered":"Cu\u00e1l es el estado de salud del adolescente baleado en Godoy Cruz"},"content":{"rendered":"\n<p>El menor de 14 a\u00f1os que fue baleado en&nbsp;<strong>Godoy Cruz&nbsp;<\/strong>este lunes por la madrugada sigue en grave estado de salud, internado en el nosocomio pedi\u00e1trico de Guaymall\u00e9n.<\/p>\n\n\n\n<p>\u201c<strong><em>El paciente contin\u00faa en terapia intensiva. Grave<\/em><\/strong>, c<em>on drogas inotr\u00f3picas y respiradores artificial. Estado reservado<\/em>\u201c, informaron de forma oficial desde el Notti en un parte emitido este martes.<\/p>\n\n\n\n<p>El menor fue llevado en primer lugar al centro de salud del\u00a0<strong>Barrio La Estanzuela\u00a0<\/strong>y fue asistido por una herida de arma de fuego en el abdomen. La misma presentaba un orificio de entrada sin salida.<\/p>\n\n\n\n<p>A\u00fan se est\u00e1n investigando las causas del hecho por el que el joven termin\u00f3 con un balazo en su abdomen.<\/p>\n\n\n\n<p><strong>Fuente: www.elsol.com.ar<\/strong><\/p>\n","protected":false},"excerpt":{"rendered":"<p>El menor de 14 a\u00f1os que fue baleado en&nbsp;Godoy Cruz&nbsp;este lunes por la madrugada sigue en grave estado de salud, internado en el nosocomio pedi\u00e1trico de Guaymall\u00e9n. \u201cEl paciente contin\u00faa en terapia intensiva. Grave, con drogas inotr\u00f3picas y respiradores artificial. Estado reservado\u201c, informaron de forma oficial desde el Notti en un parte emitido este martes. [&hellip;]<\/p>\n","protected":false},"author":2,"featured_media":10920,"comment_status":"open","ping_status":"open","sticky":false,"template":"","format":"standard","meta":[],"categories":[48],"tags":[],"_links":{"self":[{"href":"https:\/\/pasaenmendoza.com\/index.php?rest_route=\/wp\/v2\/posts\/10918"}],"collection":[{"href":"https:\/\/pasaenmendoza.com\/index.php?rest_route=\/wp\/v2\/posts"}],"about":[{"href":"https:\/\/pasaenmendoza.com\/index.php?rest_route=\/wp\/v2\/types\/post"}],"author":[{"embeddable":true,"href":"https:\/\/pasaenmendoza.com\/index.php?rest_route=\/wp\/v2\/users\/2"}],"replies":[{"embeddable":true,"href":"https:\/\/pasaenmendoza.com\/index.php?rest_route=%2Fwp%2Fv2%2Fcomments&post=10918"}],"version-history":[{"count":1,"href":"https:\/\/pasaenmendoza.com\/index.php?rest_route=\/wp\/v2\/posts\/10918\/revisions"}],"predecessor-version":[{"id":10921,"href":"https:\/\/pasaenmendoza.com\/index.php?rest_route=\/wp\/v2\/posts\/10918\/revisions\/10921"}],"wp:featuredmedia":[{"embeddable":true,"href":"https:\/\/pasaenmendoza.com\/index.php?rest_route=\/wp\/v2\/media\/10920"}],"wp:attachment":[{"href":"https:\/\/pasaenmendoza.com\/index.php?rest_route=%2Fwp%2Fv2%2Fmedia&parent=10918"}],"wp:term":[{"taxonomy":"category","embeddable":true,"href":"https:\/\/pasaenmendoza.com\/index.php?rest_route=%2Fwp%2Fv2%2Fcategories&post=10918"},{"taxonomy":"post_tag","embeddable":true,"href":"https:\/\/pasaenmendoza.com\/index.php?rest_route=%2Fwp%2Fv2%2Ftags&post=10918"}],"curies":[{"name":"wp","href":"https:\/\/api.w.org\/{rel}","templated":true}]}}