{"id":1092,"date":"2023-08-31T15:40:59","date_gmt":"2023-08-31T13:40:59","guid":{"rendered":"https:\/\/pasaenmendoza.com\/?p=1092"},"modified":"2023-08-31T15:41:00","modified_gmt":"2023-08-31T13:41:00","slug":"robo-armas-y-amenaza-el-terror-que-vivio-una-familia-en-godoy-cruz","status":"publish","type":"post","link":"https:\/\/pasaenmendoza.com\/?p=1092","title":{"rendered":"Robo, armas y amenaza: el terror que vivi\u00f3 una familia en Godoy Cruz"},"content":{"rendered":"\n<p><strong>\u00a0Roberto Baumgartner\u00a0<\/strong>es un trabajador que se dedica a hacer\u00a0<strong>fletes<\/strong>. Cada ma\u00f1ana, desde temprano y hasta horas de la noche, este fletero recorre las calles de Mendoza tratando de ganarse la vida en un contexto complejo. A los costos altos de combustible y mantenimiento del veh\u00edculo se suma una preocupante\u00a0<strong>inseguridad<\/strong>.<\/p>\n\n\n\n<p>Su herramienta de trabajo es su camioneta, una\u00a0<strong>Mitsubishi L200<\/strong>\u00a0doble cabina con la que trabaja de sol a sol. El pasado lunes 28, Roberto fue convocado para un trabajo en las cercan\u00edas del barrio Supe, de\u00a0<strong>Godoy Cruz<\/strong>.<\/p>\n\n\n\n<p>El fletero concurri\u00f3 al lugar junto a su esposa, sin sospechar el horror que le aguardaba. Llevaba consigo a sus hijos de 4 y 6 a\u00f1os. Seg\u00fan la v\u00edctima, el encargo los llev\u00f3 hasta un \u00e1rea de un monte, donde se encontraban puesteros locales.<\/p>\n\n\n\n<p>La situaci\u00f3n tom\u00f3 un giro aterrador cuando\u00a0<strong>Roberto<\/strong>\u00a0expres\u00f3 su negativa a adentrarse m\u00e1s en el monte. En ese momento, uno de los supuestos clientes lo increp\u00f3 mientras que o<strong>tro apunt\u00f3 un arma de fuego directamente a su cabeza<\/strong>. Los ni\u00f1os comenzaron a llorar, mientras otro agresor sacaba a la pareja de la camioneta.<\/p>\n\n\n\n<p>Mientras sosten\u00eda un arma, uno de los delincuentes le repet\u00eda a la esposa de Roberto &#8220;\u00bfquer\u00e9s que te lo queme?&#8221; apuntando al conductor de la camioneta. Los ni\u00f1os no fueron ajenos a la situaci\u00f3n, ya que\u00a0<strong>uno de los criminales apunt\u00f3 su arma hacia la ni\u00f1a de 6 a\u00f1os<\/strong>, repitiendo la misma amenaza.<\/p>\n\n\n\n<p>Los\u00a0<strong>delincuentes finalmente les robaron la camioneta<\/strong>, llev\u00e1ndose los celulares, billeteras y documentos importantes, como los t\u00edtulos de propiedad de sus veh\u00edculos y una suma de dinero.<\/p>\n\n\n\n<p>El robo dej\u00f3 a la familia devastada, especialmente a la ni\u00f1a, quien ha manifestado un fuerte rechazo por asistir a la escuela y ha tenido problemas para dormir desde entonces. Adem\u00e1s, la esposa de Roberto relat\u00f3 que, al irse, el delincuente &#8220;me solt\u00f3 y me dijo nos vamos a volver a ver&#8221;.<\/p>\n\n\n\n<p>Esta familia no es la primera vez que padece la inseguridad. Debido a eso, relatan que &#8220;en la camioneta ten\u00edamos los t\u00edtulos de nuestro auto, camioneta y plata, porque hace un a\u00f1o, nos entraron a robar en donde vivimos&#8221;.<\/p>\n\n\n\n<p>El veh\u00edculo robado, una camioneta Mitsubishi L 200 doble cabina de color gris, se convierte en una pieza clave para las investigaciones en curso. Por ese motivo, la familia public\u00f3 en redes sociales su b\u00fasqueda. Necesitan colaboraci\u00f3n de testigos para dar con la camioneta su herramienta de trabajo.<\/p>\n\n\n\n<p>La denuncia fue radicada en la Oficina Fiscal N\u00ba4, ubicada en la Seccional N\u00ba27 de Godoy Cruz. El expediente fue caratulado como &#8220;robo agravado&#8221;.<\/p>\n\n\n\n<p><strong>Fuente: www.mendozapost.com<\/strong><\/p>\n","protected":false},"excerpt":{"rendered":"<p>\u00a0Roberto Baumgartner\u00a0es un trabajador que se dedica a hacer\u00a0fletes. Cada ma\u00f1ana, desde temprano y hasta horas de la noche, este fletero recorre las calles de Mendoza tratando de ganarse la vida en un contexto complejo. A los costos altos de combustible y mantenimiento del veh\u00edculo se suma una preocupante\u00a0inseguridad. Su herramienta de trabajo es su [&hellip;]<\/p>\n","protected":false},"author":2,"featured_media":1093,"comment_status":"open","ping_status":"open","sticky":false,"template":"","format":"standard","meta":[],"categories":[48],"tags":[],"_links":{"self":[{"href":"https:\/\/pasaenmendoza.com\/index.php?rest_route=\/wp\/v2\/posts\/1092"}],"collection":[{"href":"https:\/\/pasaenmendoza.com\/index.php?rest_route=\/wp\/v2\/posts"}],"about":[{"href":"https:\/\/pasaenmendoza.com\/index.php?rest_route=\/wp\/v2\/types\/post"}],"author":[{"embeddable":true,"href":"https:\/\/pasaenmendoza.com\/index.php?rest_route=\/wp\/v2\/users\/2"}],"replies":[{"embeddable":true,"href":"https:\/\/pasaenmendoza.com\/index.php?rest_route=%2Fwp%2Fv2%2Fcomments&post=1092"}],"version-history":[{"count":1,"href":"https:\/\/pasaenmendoza.com\/index.php?rest_route=\/wp\/v2\/posts\/1092\/revisions"}],"predecessor-version":[{"id":1094,"href":"https:\/\/pasaenmendoza.com\/index.php?rest_route=\/wp\/v2\/posts\/1092\/revisions\/1094"}],"wp:featuredmedia":[{"embeddable":true,"href":"https:\/\/pasaenmendoza.com\/index.php?rest_route=\/wp\/v2\/media\/1093"}],"wp:attachment":[{"href":"https:\/\/pasaenmendoza.com\/index.php?rest_route=%2Fwp%2Fv2%2Fmedia&parent=1092"}],"wp:term":[{"taxonomy":"category","embeddable":true,"href":"https:\/\/pasaenmendoza.com\/index.php?rest_route=%2Fwp%2Fv2%2Fcategories&post=1092"},{"taxonomy":"post_tag","embeddable":true,"href":"https:\/\/pasaenmendoza.com\/index.php?rest_route=%2Fwp%2Fv2%2Ftags&post=1092"}],"curies":[{"name":"wp","href":"https:\/\/api.w.org\/{rel}","templated":true}]}}