{"id":10925,"date":"2025-01-07T21:41:02","date_gmt":"2025-01-07T20:41:02","guid":{"rendered":"https:\/\/pasaenmendoza.com\/?p=10925"},"modified":"2025-01-07T21:41:03","modified_gmt":"2025-01-07T20:41:03","slug":"declaro-la-enfermera-acusada-de-matar-bebes-en-cordoba-y-aseguro-que-sufre-un-bombardeo-sin-pruebas","status":"publish","type":"post","link":"https:\/\/pasaenmendoza.com\/?p=10925","title":{"rendered":"Declar\u00f3 la enfermera acusada de matar beb\u00e9s en C\u00f3rdoba y asegur\u00f3 que sufre un \u201cbombardeo sin pruebas\u201d"},"content":{"rendered":"\n<p><strong>Brenda Ag\u00fcero<\/strong>, la enfermera acusada de envenenar a cinco beb\u00e9s con potasio en el&nbsp;<strong>Hospital Neonatal de C\u00f3rdoba<\/strong>, e intentar matar a otros ocho reci\u00e9n nacidos, declar\u00f3 esta ma\u00f1ana en la segunda jornada del juicio en su contra.<\/p>\n\n\n\n<p>En el transcurso de la declaraci\u00f3n, que dur\u00f3 casi una hora, la joven de 29 a\u00f1os asegur\u00f3 que es inocente y mencion\u00f3 que sufre un \u201cbombardeo sin pruebas\u201d.<\/p>\n\n\n\n<p>\u201cLas muertes de los beb\u00e9s existieron, pero\u00a0tampoco puede ser que me est\u00e9n bombardeando a m\u00ed cuando no tienen pruebas\u201d, enfatiz\u00f3. Y agreg\u00f3: \u201cLo que veo que la Justicia en vez de ser justa no lo es, me ha tocado experimentarlo en carne propia\u201d.<\/p>\n\n\n\n<p>Adem\u00e1s, la mujer que&nbsp;<strong>est\u00e1 en prisi\u00f3n desde el 19 de agosto de 2022<\/strong>, se defendi\u00f3 de las acusaciones y culp\u00f3 al periodismo.<\/p>\n\n\n\n<p>\u201cQuiero que quede bien claro,&nbsp;no entiendo en qu\u00e9 cabeza cabe&nbsp;que una persona sana, que no tiene ninguna enfermedad psiqui\u00e1trica, ning\u00fan antecedente y sin problemas en ning\u00fan trabajo, del d\u00eda a la ma\u00f1ana salga a matar\u201d, expres\u00f3 Ag\u00fcero.<\/p>\n\n\n\n<p>\u201cCrearon la imagen del asesino serial que no existe, gracias a periodistas que inventaron esa imagen, hoy me veo yo y mi familia en este contexto\u201d, sum\u00f3.<\/p>\n\n\n\n<p>Por otro lado, se refiri\u00f3 a su futuro y afirm\u00f3 que hoy \u201c<strong>no podr\u00eda volver a tener contacto con alg\u00fan ni\u00f1o<\/strong>, no podr\u00eda volver a ejercer la profesi\u00f3n que yo tanto quise\u201d.<\/p>\n\n\n\n<h2 class=\"wp-block-heading\" id=\"h-el-caso\">El caso<\/h2>\n\n\n\n<p>Brenda Ag\u00fcero est\u00e1&nbsp;<strong>imputada de homicidio calificado por procedimiento insidioso contra cinco ni\u00f1os y tentativa de homicidio calificado contra otros ocho reci\u00e9n nacidos.<\/strong><\/p>\n\n\n\n<p>La teor\u00eda de los fiscales\u00a0Sergio Ruiz Moreno\u00a0y\u00a0Mercedes Ballestrini, sostiene que la\u00a0presunta asesina\u00a0les habr\u00eda inyectado insulina y potasio a 13 beb\u00e9s. Es que a los \u00fanicos dos peque\u00f1os que les practicaron\u00a0autopsias les encontraron altos niveles de estas sustancias en los ex\u00e1menes toxicol\u00f3gicos, con\u00a0aplicaciones ex\u00f3genas\u00a0e\u00a0inoculaciones err\u00e1ticas.<\/p>\n\n\n\n<p>Adem\u00e1s, la investigaci\u00f3n descarta que las muertes hayan sido accidentales.<\/p>\n\n\n\n<p>A la par de la enfermera, se espera que tambi\u00e9n declaren los 10 exfuncionarios involucrados en el juicio por la muerte de beb\u00e9s en el\u00a0Hospital Materno Neonatal.<\/p>\n\n\n\n<p><strong>Fuente: www.elsol.com.ar<\/strong><\/p>\n","protected":false},"excerpt":{"rendered":"<p>Brenda Ag\u00fcero, la enfermera acusada de envenenar a cinco beb\u00e9s con potasio en el&nbsp;Hospital Neonatal de C\u00f3rdoba, e intentar matar a otros ocho reci\u00e9n nacidos, declar\u00f3 esta ma\u00f1ana en la segunda jornada del juicio en su contra. En el transcurso de la declaraci\u00f3n, que dur\u00f3 casi una hora, la joven de 29 a\u00f1os asegur\u00f3 que [&hellip;]<\/p>\n","protected":false},"author":2,"featured_media":10926,"comment_status":"open","ping_status":"open","sticky":false,"template":"","format":"standard","meta":[],"categories":[48],"tags":[],"_links":{"self":[{"href":"https:\/\/pasaenmendoza.com\/index.php?rest_route=\/wp\/v2\/posts\/10925"}],"collection":[{"href":"https:\/\/pasaenmendoza.com\/index.php?rest_route=\/wp\/v2\/posts"}],"about":[{"href":"https:\/\/pasaenmendoza.com\/index.php?rest_route=\/wp\/v2\/types\/post"}],"author":[{"embeddable":true,"href":"https:\/\/pasaenmendoza.com\/index.php?rest_route=\/wp\/v2\/users\/2"}],"replies":[{"embeddable":true,"href":"https:\/\/pasaenmendoza.com\/index.php?rest_route=%2Fwp%2Fv2%2Fcomments&post=10925"}],"version-history":[{"count":1,"href":"https:\/\/pasaenmendoza.com\/index.php?rest_route=\/wp\/v2\/posts\/10925\/revisions"}],"predecessor-version":[{"id":10927,"href":"https:\/\/pasaenmendoza.com\/index.php?rest_route=\/wp\/v2\/posts\/10925\/revisions\/10927"}],"wp:featuredmedia":[{"embeddable":true,"href":"https:\/\/pasaenmendoza.com\/index.php?rest_route=\/wp\/v2\/media\/10926"}],"wp:attachment":[{"href":"https:\/\/pasaenmendoza.com\/index.php?rest_route=%2Fwp%2Fv2%2Fmedia&parent=10925"}],"wp:term":[{"taxonomy":"category","embeddable":true,"href":"https:\/\/pasaenmendoza.com\/index.php?rest_route=%2Fwp%2Fv2%2Fcategories&post=10925"},{"taxonomy":"post_tag","embeddable":true,"href":"https:\/\/pasaenmendoza.com\/index.php?rest_route=%2Fwp%2Fv2%2Ftags&post=10925"}],"curies":[{"name":"wp","href":"https:\/\/api.w.org\/{rel}","templated":true}]}}