{"id":10930,"date":"2025-01-08T13:35:57","date_gmt":"2025-01-08T12:35:57","guid":{"rendered":"https:\/\/pasaenmendoza.com\/?p=10930"},"modified":"2025-01-08T13:35:58","modified_gmt":"2025-01-08T12:35:58","slug":"el-tiempo-en-mendoza-para-este-miercoles-no-aflojan-el-calor-ni-el-alerta-por-tormentas","status":"publish","type":"post","link":"https:\/\/pasaenmendoza.com\/?p=10930","title":{"rendered":"El tiempo en Mendoza para este mi\u00e9rcoles: no aflojan el calor ni el alerta por tormentas"},"content":{"rendered":"\n<p>La&nbsp;<strong>temperatura m\u00e1xima para este mi\u00e9rcoles estar\u00e1 en 36 grados cent\u00edgrados<\/strong>, mientras que la m\u00ednima se ubicar\u00e1 en 10 grados cent\u00edgrados.<\/p>\n\n\n\n<p>La&nbsp;<strong>Direcci\u00f3n de Contingencias Clim\u00e1ticas<\/strong>&nbsp;adelant\u00f3 que estar\u00e1 \u201c<em><strong>inestable<\/strong>&nbsp;con nubosidad variable y&nbsp;<strong>tormentas aisladas<\/strong>, vientos del noreste rotando al sector sur<\/em>\u201c.<\/p>\n\n\n\n<p>Atenci\u00f3n los que quieran viajar a<strong>\u00a0Chile<\/strong>\u00a0este mi\u00e9rcoles, ya que habr\u00e1 \u201c<em>precipitaciones en cordillera<\/em>\u201c.<\/p>\n\n\n\n<h2 class=\"wp-block-heading\" id=\"h-alerta-naranja-y-amarilla\">Alerta naranja y amarilla<\/h2>\n\n\n\n<p>El&nbsp;<strong>Servicio Meteorol\u00f3gico Nacional&nbsp;<\/strong>mantiene el&nbsp;<strong>alerta en nivel naranja<\/strong>&nbsp;para el&nbsp;<strong>este de Las Heras, La Paz, Lavalle, San Mart\u00edn y Santa Rosa, hacia la noche<\/strong>. De igual manera para la zona de&nbsp;<strong>General Alvear y la zona baja de San Rafael<\/strong>.<\/p>\n\n\n\n<p>Esto implica que el \u00e1rea ser\u00e1 afectada por \u201c<em>tormentas aisladas, algunas localmente fuertes o severas. Las mismas estar\u00e1n acompa\u00f1adas por abundante precipitaci\u00f3n en cortos per\u00edodos, actividad el\u00e9ctrica intensa, granizo de diversos tama\u00f1os y principalmente r\u00e1fagas que podr\u00edan superar los 90 kil\u00f3metros por hora. Se prev\u00e9n valores de precipitaci\u00f3n acumulada que pueden superar los 40 mil\u00edmetros en forma localizada<\/em>\u201c.<\/p>\n\n\n\n<p>Para esa misma \u00e1rea rige&nbsp;<strong>un alerta en nivel amarillo para horas de la tarde.&nbsp;<\/strong>Tambi\u00e9n hay&nbsp;<strong>alerta en nivel amarillo para la precordillera de Las Heras y la precordillera de Luj\u00e1n de Cuyo, en horas de la tarde y noche.<\/strong><\/p>\n\n\n\n<p>Esto implica: \u201c<em>El \u00e1rea ser\u00e1 afectada por tormentas aisladas, algunas localmente fuertes o severas. Las mismas estar\u00e1n acompa\u00f1adas por abundante precipitaci\u00f3n en cortos per\u00edodos, actividad el\u00e9ctrica intensa, granizo y r\u00e1fagas que podr\u00edan superar los 60 kil\u00f3metros por hora. Se prev\u00e9n valores de precipitaci\u00f3n acumulada entre 20 y 40 mil\u00edmetros, que pueden ser superados de forma puntual. En las zonas m\u00e1s elevadas de la cordillera son posibles precipitaciones en forma de granizo y\/o nieve<\/em>\u201c.<\/p>\n\n\n\n<p><strong>Fuente: www.elsol.com.ar<\/strong><\/p>\n","protected":false},"excerpt":{"rendered":"<p>La&nbsp;temperatura m\u00e1xima para este mi\u00e9rcoles estar\u00e1 en 36 grados cent\u00edgrados, mientras que la m\u00ednima se ubicar\u00e1 en 10 grados cent\u00edgrados. La&nbsp;Direcci\u00f3n de Contingencias Clim\u00e1ticas&nbsp;adelant\u00f3 que estar\u00e1 \u201cinestable&nbsp;con nubosidad variable y&nbsp;tormentas aisladas, vientos del noreste rotando al sector sur\u201c. Atenci\u00f3n los que quieran viajar a\u00a0Chile\u00a0este mi\u00e9rcoles, ya que habr\u00e1 \u201cprecipitaciones en cordillera\u201c. Alerta naranja y amarilla [&hellip;]<\/p>\n","protected":false},"author":2,"featured_media":10931,"comment_status":"open","ping_status":"open","sticky":false,"template":"","format":"standard","meta":[],"categories":[52],"tags":[],"_links":{"self":[{"href":"https:\/\/pasaenmendoza.com\/index.php?rest_route=\/wp\/v2\/posts\/10930"}],"collection":[{"href":"https:\/\/pasaenmendoza.com\/index.php?rest_route=\/wp\/v2\/posts"}],"about":[{"href":"https:\/\/pasaenmendoza.com\/index.php?rest_route=\/wp\/v2\/types\/post"}],"author":[{"embeddable":true,"href":"https:\/\/pasaenmendoza.com\/index.php?rest_route=\/wp\/v2\/users\/2"}],"replies":[{"embeddable":true,"href":"https:\/\/pasaenmendoza.com\/index.php?rest_route=%2Fwp%2Fv2%2Fcomments&post=10930"}],"version-history":[{"count":1,"href":"https:\/\/pasaenmendoza.com\/index.php?rest_route=\/wp\/v2\/posts\/10930\/revisions"}],"predecessor-version":[{"id":10932,"href":"https:\/\/pasaenmendoza.com\/index.php?rest_route=\/wp\/v2\/posts\/10930\/revisions\/10932"}],"wp:featuredmedia":[{"embeddable":true,"href":"https:\/\/pasaenmendoza.com\/index.php?rest_route=\/wp\/v2\/media\/10931"}],"wp:attachment":[{"href":"https:\/\/pasaenmendoza.com\/index.php?rest_route=%2Fwp%2Fv2%2Fmedia&parent=10930"}],"wp:term":[{"taxonomy":"category","embeddable":true,"href":"https:\/\/pasaenmendoza.com\/index.php?rest_route=%2Fwp%2Fv2%2Fcategories&post=10930"},{"taxonomy":"post_tag","embeddable":true,"href":"https:\/\/pasaenmendoza.com\/index.php?rest_route=%2Fwp%2Fv2%2Ftags&post=10930"}],"curies":[{"name":"wp","href":"https:\/\/api.w.org\/{rel}","templated":true}]}}