{"id":10933,"date":"2025-01-08T13:41:11","date_gmt":"2025-01-08T12:41:11","guid":{"rendered":"https:\/\/pasaenmendoza.com\/?p=10933"},"modified":"2025-01-08T13:41:11","modified_gmt":"2025-01-08T12:41:11","slug":"impresionante-incendio-en-una-fabrica-de-colchones-en-godoy-cruz","status":"publish","type":"post","link":"https:\/\/pasaenmendoza.com\/?p=10933","title":{"rendered":"Impresionante incendio en una f\u00e1brica de colchones en Godoy Cruz"},"content":{"rendered":"\n<p>Un importante&nbsp;<strong>incendio&nbsp;<\/strong>afect\u00f3 la noche de este martes una&nbsp;<strong>f\u00e1brica de colchones<\/strong>&nbsp;en&nbsp;<strong>Godoy Cruz<\/strong>. El material inflamable provoc\u00f3 que las llamas se propagaran con facilidad. Bomberos trabajaron en el lugar.<\/p>\n\n\n\n<p>De acuerdo con la informaci\u00f3n, el siniestro se inici\u00f3 minutos antes de las 21 en el galp\u00f3n donde funciona la\u00a0<strong>F\u00e1brica Universal Polieter<\/strong>, en una esquina de\u00a0<strong>calles Belgrano y Dorrego<\/strong>, hacia el norte de la plaza departamental.<\/p>\n\n\n\n<p>El fuego r\u00e1pidamente se extendi\u00f3 por toda el inmueble, a ra\u00edz del&nbsp;<strong>material inflamable&nbsp;<\/strong>que se utiliza para la fabricaci\u00f3n de colchones, lo que activ\u00f3 la alarma de las autoridades.<\/p>\n\n\n\n<p>Varias dotaciones de\u00a0<strong>bomberos voluntarios de Guaymall\u00e9n, Luj\u00e1n de Cuyo y Godoy Cruz\u00a0<\/strong>y tambi\u00e9n\u00a0<strong>Cuartel Central de la Polic\u00eda de Mendoza<\/strong>\u00a0se desplazaron hasta la escena e iniciaron las tareas correspondientes para combatir las llamas, que tambi\u00e9n afectaron a otras propiedades colindantes.<\/p>\n\n\n\n<p>Pasadas las 22, no se hab\u00edan registrado heridos de ning\u00fan tipo y se evacuaron a los vecinos de las viviendas aleda\u00f1as al dep\u00f3sito en el que se inici\u00f3 el fuego.<\/p>\n\n\n\n<p>Por su parte, se debi\u00f3 interrumpir el tr\u00e1nsito por algunos momentos en\u00a0<strong>calles Balcarce, Dorrego, Belgrano y Lencinas<\/strong>\u00a0mientras se desarrollaban las tareas.<\/p>\n\n\n\n<p><strong>Fuente: www.elsol.com.ar<\/strong><\/p>\n","protected":false},"excerpt":{"rendered":"<p>Un importante&nbsp;incendio&nbsp;afect\u00f3 la noche de este martes una&nbsp;f\u00e1brica de colchones&nbsp;en&nbsp;Godoy Cruz. El material inflamable provoc\u00f3 que las llamas se propagaran con facilidad. Bomberos trabajaron en el lugar. De acuerdo con la informaci\u00f3n, el siniestro se inici\u00f3 minutos antes de las 21 en el galp\u00f3n donde funciona la\u00a0F\u00e1brica Universal Polieter, en una esquina de\u00a0calles Belgrano y [&hellip;]<\/p>\n","protected":false},"author":2,"featured_media":10934,"comment_status":"open","ping_status":"open","sticky":false,"template":"","format":"standard","meta":[],"categories":[48],"tags":[],"_links":{"self":[{"href":"https:\/\/pasaenmendoza.com\/index.php?rest_route=\/wp\/v2\/posts\/10933"}],"collection":[{"href":"https:\/\/pasaenmendoza.com\/index.php?rest_route=\/wp\/v2\/posts"}],"about":[{"href":"https:\/\/pasaenmendoza.com\/index.php?rest_route=\/wp\/v2\/types\/post"}],"author":[{"embeddable":true,"href":"https:\/\/pasaenmendoza.com\/index.php?rest_route=\/wp\/v2\/users\/2"}],"replies":[{"embeddable":true,"href":"https:\/\/pasaenmendoza.com\/index.php?rest_route=%2Fwp%2Fv2%2Fcomments&post=10933"}],"version-history":[{"count":1,"href":"https:\/\/pasaenmendoza.com\/index.php?rest_route=\/wp\/v2\/posts\/10933\/revisions"}],"predecessor-version":[{"id":10935,"href":"https:\/\/pasaenmendoza.com\/index.php?rest_route=\/wp\/v2\/posts\/10933\/revisions\/10935"}],"wp:featuredmedia":[{"embeddable":true,"href":"https:\/\/pasaenmendoza.com\/index.php?rest_route=\/wp\/v2\/media\/10934"}],"wp:attachment":[{"href":"https:\/\/pasaenmendoza.com\/index.php?rest_route=%2Fwp%2Fv2%2Fmedia&parent=10933"}],"wp:term":[{"taxonomy":"category","embeddable":true,"href":"https:\/\/pasaenmendoza.com\/index.php?rest_route=%2Fwp%2Fv2%2Fcategories&post=10933"},{"taxonomy":"post_tag","embeddable":true,"href":"https:\/\/pasaenmendoza.com\/index.php?rest_route=%2Fwp%2Fv2%2Ftags&post=10933"}],"curies":[{"name":"wp","href":"https:\/\/api.w.org\/{rel}","templated":true}]}}