{"id":10942,"date":"2025-01-08T22:45:18","date_gmt":"2025-01-08T21:45:18","guid":{"rendered":"https:\/\/pasaenmendoza.com\/?p=10942"},"modified":"2025-01-08T22:45:19","modified_gmt":"2025-01-08T21:45:19","slug":"receta-electronica-en-mendoza-como-funciono-durante-la-primera-semana-de-implementacion","status":"publish","type":"post","link":"https:\/\/pasaenmendoza.com\/?p=10942","title":{"rendered":"Receta electr\u00f3nica en Mendoza: c\u00f3mo funcion\u00f3 durante la primera semana de implementaci\u00f3n"},"content":{"rendered":"\n<p>Desde el primer d\u00eda del 2025,\u00a0entr\u00f3 en vigencia en gran parte del pa\u00eds la implementaci\u00f3n de la\u00a0<strong>receta electr\u00f3nica<\/strong>. Se trata de un\u00a0<strong>sistema digital que apunta a convertirse en la \u00fanica v\u00eda para la prescripci\u00f3n de medicamentos<\/strong>, si bien la herramienta suplantar\u00e1 a la receta de papel,\u00a0<strong>en Mendoza ambos sistemas coexistir\u00e1n, por muchos a\u00f1os m\u00e1s<\/strong>.<\/p>\n\n\n\n<p>\u201cPese a la puesta en marcha,&nbsp;<strong>en Mendoza no hubo impacto<\/strong>&nbsp;porque al seguir coexistiendo los dos formatos la gente continu\u00f3 con la modalidad que ten\u00eda hasta la fecha, es decir, los que compraban medicamentos mediante la herramienta electr\u00f3nica (la mayor\u00eda afiliados a PAMI) lo siguieron haciendo y los que no, continuaron con el papel\u201d, expres\u00f3&nbsp;<strong>Rolando Alazaller<\/strong>, del Colegio Farmac\u00e9utico de Mendoza (CoFaM).<\/p>\n\n\n\n<p>Asimismo, desde el organismo local informaron que\u00a0<strong>en la provincia a diferencia de otras, la aplicaci\u00f3n se dar\u00e1 de manera paulatina y escalonada.<\/strong><\/p>\n\n\n\n<p><strong>\u201cPara Mendoza es imposible adherir al 100% a un formato exclusivamente digital<\/strong>, ya que hay lugares que no tienen conectividad. Es muy necesario hablar de cuestiones l\u00f3gicas, por ello, para tranquilidad de la poblaci\u00f3n decimos que ac\u00e1 coexistir\u00e1n los dos formatos, el digital y el de papel\u201d, expres\u00f3 el presidente del Colegio Farmac\u00e9utico Mendoza,\u00a0<strong>Mario Valestra<\/strong>.<\/p>\n\n\n\n<p>A la hora de dar cuenta sobre el tiempo en el que ambos sistemas funcionar\u00e1n en paralelo en Mendoza, Valestra fue contundente: \u201cEsto va a permanecer as\u00ed por muchos a\u00f1os m\u00e1s, al menos, hasta que la provincia tenga las garant\u00edas de poder hacerlo bien. Es imposible que el sistema digital se ponga en marcha hoy en hospitales, centros de salud, al menos ese ha sido el argumento que nos han brindado desde el Ministerio de Salud de Mendoza y la Direcci\u00f3n de Farmacolog\u00eda\u201d.<\/p>\n\n\n\n<h2 class=\"wp-block-heading\" id=\"h-la-palabra-de-medicos-y-farmaceuticos\">La palabra de m\u00e9dicos y farmac\u00e9uticos<\/h2>\n\n\n\n<p>Mientras en otras provincias se avanz\u00f3 al 100% con el formato digital, en Mendoza hay dudas, en el medio, cientos de m\u00e9dicos tuvieron que iniciar los tr\u00e1mites pertinentes para poder recetar mediante la nueva modalidad.<\/p>\n\n\n\n<p>\u201cPor el momento,&nbsp;<strong>hemos iniciado los tr\u00e1mites&nbsp;<\/strong>y estimamos que en marzo ya estaremos en condiciones de utilizar la nueva herramienta, pero&nbsp;<strong>hay mucho desconcierto acerca de si esa receta ser\u00e1 recibida o no en las farmacias<\/strong>, ya que no en todos los espacios donde se expenden medicamentos hay internet, pese a los tiempos que corren. Actualmente, hay m\u00e1s dudas que certezas\u201d, expres\u00f3 una pediatra que se desempe\u00f1a tanto en el \u00e1mbito p\u00fablico como privado.<\/p>\n\n\n\n<p><strong>Para los farmac\u00e9uticos tambi\u00e9n el panorama es desconcertante<\/strong>, aunque, algunos advierten que desde hace tiempo reciben recetas electr\u00f3nicas, porque trabajan con muchos afiliados de PAMI y los resultados han sido muy positivos.<\/p>\n\n\n\n<p>\u201cEl sistema es muy bueno, pero&nbsp;<strong>es condici\u00f3n esencial contar con buena conectividad<\/strong>. Asimismo, a la gente, sobre todo, a los adultos mayores, les cuesta mucho adaptarse a lo nuevo, por lo que es necesario tomarse el tiempo para explicarles y ense\u00f1arles detalles de este nuevo proceso\u201d, cont\u00f3 Ariel, encargado de una farmacia c\u00e9ntrica.<\/p>\n\n\n\n<h2 class=\"wp-block-heading\" id=\"h-como-funciona-la-receta-electronica\">C\u00f3mo funciona la receta electr\u00f3nica<\/h2>\n\n\n\n<p>La normativa, formalizada en el\u00a0decreto 345\/2024\u00a0del Ministerio de Salud pretende\u00a0<strong>facilitar y transparentar el sistema de control<\/strong>\u00a0entre el tr\u00e1mite de prescripci\u00f3n y de entrega de los medicamentos. Adem\u00e1s,\u00a0<strong>evitar\u00e1 errores de interpretaci\u00f3n<\/strong>\u00a0por la escritura del profesional y facilitar\u00e1 la dispensa en farmacias.<\/p>\n\n\n\n<p>En la confecci\u00f3n de la&nbsp;<strong>receta electr\u00f3nica<\/strong>&nbsp;deben figurar los datos del paciente y de quien prescribe, la cobertura m\u00e9dica, las drogas por nombre gen\u00e9rico o principio activo y, de manera opcional, puede aparecer la marca comercial.<\/p>\n\n\n\n<p>Cabe destacar que en el momento de adquirir los medicamentos, el paciente debe saber que se le podr\u00e1 solicitar la siguiente&nbsp;<strong>documentaci\u00f3n<\/strong>:<\/p>\n\n\n\n<ul>\n<li>DNI del afiliado.<\/li>\n\n\n\n<li>Carnet de afiliado.<\/li>\n\n\n\n<li>Token de las obras sociales o prepagas.<\/li>\n<\/ul>\n\n\n\n<p>Esto \u00faltimo depender\u00e1 de la herramienta de validaci\u00f3n digital que utilice cada farmacia.<\/p>\n\n\n\n<h3 class=\"wp-block-heading\" id=\"h-para-que-una-receta-electronica-sea-valida-debe-contar-con-la-siguiente-informacion\">Para que una receta electr\u00f3nica sea v\u00e1lida, debe contar con la siguiente informaci\u00f3n:<\/h3>\n\n\n\n<ul>\n<li>Identificaci\u00f3n del m\u00e9dico o el profesional prescriptor (nombre, matr\u00edcula, profesi\u00f3n, especialidad y domicilio).<\/li>\n\n\n\n<li>C\u00f3digo de barras.<\/li>\n\n\n\n<li>Identificaci\u00f3n del paciente (nombre, obra social o prepaga, fecha de nacimiento, DNI y sexo).<\/li>\n\n\n\n<li>Descripci\u00f3n del medicamento recetado con nombre gen\u00e9rico o denominaci\u00f3n com\u00fan internacional, presentaci\u00f3n, forma farmac\u00e9utica y cantidad de unidades para el tratamiento indicado. Opcionalmente, el nombre comercial del medicamento que el profesional sugiera.<\/li>\n\n\n\n<li>Diagn\u00f3stico.<\/li>\n\n\n\n<li>Fecha de emisi\u00f3n.<\/li>\n\n\n\n<li>Firma digital del profesional.<\/li>\n<\/ul>\n\n\n\n<p><strong>Fuente: www.elsol.com.ar<\/strong><\/p>\n","protected":false},"excerpt":{"rendered":"<p>Desde el primer d\u00eda del 2025,\u00a0entr\u00f3 en vigencia en gran parte del pa\u00eds la implementaci\u00f3n de la\u00a0receta electr\u00f3nica. Se trata de un\u00a0sistema digital que apunta a convertirse en la \u00fanica v\u00eda para la prescripci\u00f3n de medicamentos, si bien la herramienta suplantar\u00e1 a la receta de papel,\u00a0en Mendoza ambos sistemas coexistir\u00e1n, por muchos a\u00f1os m\u00e1s. \u201cPese [&hellip;]<\/p>\n","protected":false},"author":2,"featured_media":10943,"comment_status":"open","ping_status":"open","sticky":false,"template":"","format":"standard","meta":[],"categories":[58],"tags":[],"_links":{"self":[{"href":"https:\/\/pasaenmendoza.com\/index.php?rest_route=\/wp\/v2\/posts\/10942"}],"collection":[{"href":"https:\/\/pasaenmendoza.com\/index.php?rest_route=\/wp\/v2\/posts"}],"about":[{"href":"https:\/\/pasaenmendoza.com\/index.php?rest_route=\/wp\/v2\/types\/post"}],"author":[{"embeddable":true,"href":"https:\/\/pasaenmendoza.com\/index.php?rest_route=\/wp\/v2\/users\/2"}],"replies":[{"embeddable":true,"href":"https:\/\/pasaenmendoza.com\/index.php?rest_route=%2Fwp%2Fv2%2Fcomments&post=10942"}],"version-history":[{"count":1,"href":"https:\/\/pasaenmendoza.com\/index.php?rest_route=\/wp\/v2\/posts\/10942\/revisions"}],"predecessor-version":[{"id":10944,"href":"https:\/\/pasaenmendoza.com\/index.php?rest_route=\/wp\/v2\/posts\/10942\/revisions\/10944"}],"wp:featuredmedia":[{"embeddable":true,"href":"https:\/\/pasaenmendoza.com\/index.php?rest_route=\/wp\/v2\/media\/10943"}],"wp:attachment":[{"href":"https:\/\/pasaenmendoza.com\/index.php?rest_route=%2Fwp%2Fv2%2Fmedia&parent=10942"}],"wp:term":[{"taxonomy":"category","embeddable":true,"href":"https:\/\/pasaenmendoza.com\/index.php?rest_route=%2Fwp%2Fv2%2Fcategories&post=10942"},{"taxonomy":"post_tag","embeddable":true,"href":"https:\/\/pasaenmendoza.com\/index.php?rest_route=%2Fwp%2Fv2%2Ftags&post=10942"}],"curies":[{"name":"wp","href":"https:\/\/api.w.org\/{rel}","templated":true}]}}