{"id":10945,"date":"2025-01-08T22:53:51","date_gmt":"2025-01-08T21:53:51","guid":{"rendered":"https:\/\/pasaenmendoza.com\/?p=10945"},"modified":"2025-01-08T22:53:52","modified_gmt":"2025-01-08T21:53:52","slug":"nacion-avalo-la-propuesta-de-arc-energy-para-privatizar-impsa-y-cornejo-recibio-a-un-representante","status":"publish","type":"post","link":"https:\/\/pasaenmendoza.com\/?p=10945","title":{"rendered":"Naci\u00f3n aval\u00f3 la propuesta de ARC Energy para privatizar IMPSA y Cornejo recibi\u00f3 a un representante"},"content":{"rendered":"\n<p>La Comisi\u00f3n Evaluadora del gobierno de Javier Milei dio el visto bueno a la propuesta que present\u00f3 la\u00a0<strong>ARC Energy,<\/strong>\u00a0la \u00fanica firma interesada en quedarse con\u00a0<strong>IMPSA<\/strong>. La empresa mendocina fue estatizada en 2021 y ahora marcha rumbo a la privatizaci\u00f3n.<\/p>\n\n\n\n<p>La informaci\u00f3n se dio a conocer a \u00faltima hora de este martes. El propio gobernador Alfredo Cornejo comparti\u00f3 un posteo en X con la foto de uno de los representantes, Jason Arceneaux, en su despacho en Casa de Gobierno. En la postal se detallaba la esperada noticia de que la\u00a0<strong>Comisi\u00f3n Evaluadora<\/strong>\u00a0recomienda adjudicar las acciones clase C a Industrial Acquisitions Fund, sujeta al cumplimiento de ciertas condiciones establecidas por el comit\u00e9 evaluador. La aprobaci\u00f3n fue un\u00e1nime.<\/p>\n\n\n\n<p>Ese comit\u00e9 est\u00e1 constituido por el Estado nacional, el Fondo Nacional para el Desarrollo Productivo (Fondep) y la provincia de&nbsp;<strong>Mendoza<\/strong>.<\/p>\n\n\n\n<p>Hasta el 31 de este mes, la firma internacional tiene tiempo de cumplir con todos los requisitos de la Comisi\u00f3n Evaluadora para la&nbsp;<strong>adjudicaci\u00f3n definitiva<\/strong>.<\/p>\n\n\n\n<p>La tarea de la firma no es sencilla: su objetivo es capitalizar a&nbsp;<strong>IMPSA&nbsp;<\/strong>con una inversi\u00f3n de 27 millones de d\u00f3lares, pero tiene una deuda que asciende a los 570 millones de d\u00f3lares.<\/p>\n\n\n\n<figure class=\"wp-block-image\"><img decoding=\"async\" src=\"https:\/\/media.diariouno.com.ar\/p\/3e3062428ca7fdbe85ffaa7ef77ef6d4\/adjuntos\/298\/imagenes\/009\/475\/0009475167\/1200x0\/smart\/tui-alfredo-cornejo-impsapng.png\" alt=\"\" title=\"\"\/><\/figure>\n\n\n\n<p>Tras el encuentro, Cornejo resalt\u00f3 en sus redes: &#8220;Si para el 31 de enero se cumplen dichas condiciones, podremos avanzar hacia la adjudicaci\u00f3n definitiva y la firma del contrato para el traspaso de las acciones. Aspiramos a que&nbsp;<strong>IMPSA&nbsp;<\/strong>se reposicione como un actor clave en el sector energ\u00e9tico mundial, volviendo a ser una empresa privada que nos enorgullezca, genere empleo y contin\u00fae proveyendo a distintas industrias del pa\u00eds&#8221;.<\/p>\n\n\n\n<p>&#8220;Desde Mendoza, siempre priorizamos encontrar un inversor confiable que garantice la\u00a0<strong>continuidad operativa de IMPSA<\/strong>\u00a0y preserve los puestos de trabajo. Aunque fue un desaf\u00edo, hemos demostrado nuestro compromiso con quienes apuestan por nuestra provincia&#8221;, concluy\u00f3.<\/p>\n\n\n\n<p><strong>Fuente: www.diariouno.com.ar<\/strong><\/p>\n","protected":false},"excerpt":{"rendered":"<p>La Comisi\u00f3n Evaluadora del gobierno de Javier Milei dio el visto bueno a la propuesta que present\u00f3 la\u00a0ARC Energy,\u00a0la \u00fanica firma interesada en quedarse con\u00a0IMPSA. La empresa mendocina fue estatizada en 2021 y ahora marcha rumbo a la privatizaci\u00f3n. La informaci\u00f3n se dio a conocer a \u00faltima hora de este martes. El propio gobernador Alfredo [&hellip;]<\/p>\n","protected":false},"author":2,"featured_media":10946,"comment_status":"open","ping_status":"open","sticky":false,"template":"","format":"standard","meta":[],"categories":[47],"tags":[],"_links":{"self":[{"href":"https:\/\/pasaenmendoza.com\/index.php?rest_route=\/wp\/v2\/posts\/10945"}],"collection":[{"href":"https:\/\/pasaenmendoza.com\/index.php?rest_route=\/wp\/v2\/posts"}],"about":[{"href":"https:\/\/pasaenmendoza.com\/index.php?rest_route=\/wp\/v2\/types\/post"}],"author":[{"embeddable":true,"href":"https:\/\/pasaenmendoza.com\/index.php?rest_route=\/wp\/v2\/users\/2"}],"replies":[{"embeddable":true,"href":"https:\/\/pasaenmendoza.com\/index.php?rest_route=%2Fwp%2Fv2%2Fcomments&post=10945"}],"version-history":[{"count":1,"href":"https:\/\/pasaenmendoza.com\/index.php?rest_route=\/wp\/v2\/posts\/10945\/revisions"}],"predecessor-version":[{"id":10947,"href":"https:\/\/pasaenmendoza.com\/index.php?rest_route=\/wp\/v2\/posts\/10945\/revisions\/10947"}],"wp:featuredmedia":[{"embeddable":true,"href":"https:\/\/pasaenmendoza.com\/index.php?rest_route=\/wp\/v2\/media\/10946"}],"wp:attachment":[{"href":"https:\/\/pasaenmendoza.com\/index.php?rest_route=%2Fwp%2Fv2%2Fmedia&parent=10945"}],"wp:term":[{"taxonomy":"category","embeddable":true,"href":"https:\/\/pasaenmendoza.com\/index.php?rest_route=%2Fwp%2Fv2%2Fcategories&post=10945"},{"taxonomy":"post_tag","embeddable":true,"href":"https:\/\/pasaenmendoza.com\/index.php?rest_route=%2Fwp%2Fv2%2Ftags&post=10945"}],"curies":[{"name":"wp","href":"https:\/\/api.w.org\/{rel}","templated":true}]}}