{"id":10954,"date":"2025-01-09T14:29:49","date_gmt":"2025-01-09T13:29:49","guid":{"rendered":"https:\/\/pasaenmendoza.com\/?p=10954"},"modified":"2025-01-09T14:29:50","modified_gmt":"2025-01-09T13:29:50","slug":"el-tiempo-en-mendoza-para-este-jueves-afloja-el-calor-pero-no-las-tormentas","status":"publish","type":"post","link":"https:\/\/pasaenmendoza.com\/?p=10954","title":{"rendered":"El tiempo en Mendoza para este jueves: afloja el calor, pero no las tormentas"},"content":{"rendered":"\n<p>Luego de varios d\u00edas arriba de los 35 grados cent\u00edgrados, para este jueves&nbsp;<strong>la temperatura m\u00e1xima ser\u00e1 un poco m\u00e1s benigna, ya que subir\u00e1 a 31 grados.<\/strong>&nbsp;En tanto,&nbsp;<strong>la m\u00ednima ser\u00e1 de 20 grados.<\/strong><\/p>\n\n\n\n<p>El pron\u00f3stico de la&nbsp;<strong>Direcci\u00f3n de Contingencias Clim\u00e1ticas<\/strong>&nbsp;adelant\u00f3 que seguir\u00e1 estando \u201c<em>inestable con nubosidad variable y descenso de la temperatura, vientos moderados del sector sur<\/em>\u201c.<\/p>\n\n\n\n<p>Esa inestabilidad har\u00e1 que haya \u201c<em>tormentas aisladas<\/em>\u201c.<\/p>\n\n\n\n<p>Al igual que este mi\u00e9rcoles, el jueves tendr\u00e1 \u201c<em>precipitaciones en cordillera<\/em>\u201c, por lo que hay que cuidarse de las lluvias en la alta monta\u00f1a que causaron un alud.<\/p>\n\n\n\n<h2 class=\"wp-block-heading\" id=\"h-alerta-amarilla\">Alerta amarilla<\/h2>\n\n\n\n<p>El&nbsp;<strong>Servicio Meteorol\u00f3gico Nacional<\/strong>&nbsp;mantiene para el jueves el alerta para la&nbsp;<strong>madrugada y la tarde, en condici\u00f3n amarilla<\/strong>, para el&nbsp;<strong>este de Las Heras, La Paz, Lavalle, San Mart\u00edn y Santa Rosa.<\/strong>&nbsp;De igual manera para&nbsp;<strong>General Alvear y la zona baja de San Rafael.<\/strong><\/p>\n\n\n\n<p>Esto implica que el \u00e1rea ser\u00e1 afectada por \u201c<em>tormentas aisladas, algunas localmente fuertes o severas. Las mismas estar\u00e1n acompa\u00f1adas por abundante precipitaci\u00f3n en cortos per\u00edodos, actividad el\u00e9ctrica intensa, ca\u00edda de granizo y r\u00e1fagas que podr\u00edan superar los 60 kil\u00f3metros por hora. Se prev\u00e9n valores de precipitaci\u00f3n acumulada entre 30 y 50 mil\u00edmetros, que pueden ser superados de forma puntual<\/em>\u201c.<\/p>\n\n\n\n<p><strong>Fuente: www.elsol.com.ar<\/strong><\/p>\n","protected":false},"excerpt":{"rendered":"<p>Luego de varios d\u00edas arriba de los 35 grados cent\u00edgrados, para este jueves&nbsp;la temperatura m\u00e1xima ser\u00e1 un poco m\u00e1s benigna, ya que subir\u00e1 a 31 grados.&nbsp;En tanto,&nbsp;la m\u00ednima ser\u00e1 de 20 grados. El pron\u00f3stico de la&nbsp;Direcci\u00f3n de Contingencias Clim\u00e1ticas&nbsp;adelant\u00f3 que seguir\u00e1 estando \u201cinestable con nubosidad variable y descenso de la temperatura, vientos moderados del sector [&hellip;]<\/p>\n","protected":false},"author":2,"featured_media":10955,"comment_status":"open","ping_status":"open","sticky":false,"template":"","format":"standard","meta":[],"categories":[52],"tags":[],"_links":{"self":[{"href":"https:\/\/pasaenmendoza.com\/index.php?rest_route=\/wp\/v2\/posts\/10954"}],"collection":[{"href":"https:\/\/pasaenmendoza.com\/index.php?rest_route=\/wp\/v2\/posts"}],"about":[{"href":"https:\/\/pasaenmendoza.com\/index.php?rest_route=\/wp\/v2\/types\/post"}],"author":[{"embeddable":true,"href":"https:\/\/pasaenmendoza.com\/index.php?rest_route=\/wp\/v2\/users\/2"}],"replies":[{"embeddable":true,"href":"https:\/\/pasaenmendoza.com\/index.php?rest_route=%2Fwp%2Fv2%2Fcomments&post=10954"}],"version-history":[{"count":1,"href":"https:\/\/pasaenmendoza.com\/index.php?rest_route=\/wp\/v2\/posts\/10954\/revisions"}],"predecessor-version":[{"id":10956,"href":"https:\/\/pasaenmendoza.com\/index.php?rest_route=\/wp\/v2\/posts\/10954\/revisions\/10956"}],"wp:featuredmedia":[{"embeddable":true,"href":"https:\/\/pasaenmendoza.com\/index.php?rest_route=\/wp\/v2\/media\/10955"}],"wp:attachment":[{"href":"https:\/\/pasaenmendoza.com\/index.php?rest_route=%2Fwp%2Fv2%2Fmedia&parent=10954"}],"wp:term":[{"taxonomy":"category","embeddable":true,"href":"https:\/\/pasaenmendoza.com\/index.php?rest_route=%2Fwp%2Fv2%2Fcategories&post=10954"},{"taxonomy":"post_tag","embeddable":true,"href":"https:\/\/pasaenmendoza.com\/index.php?rest_route=%2Fwp%2Fv2%2Ftags&post=10954"}],"curies":[{"name":"wp","href":"https:\/\/api.w.org\/{rel}","templated":true}]}}