{"id":10971,"date":"2025-01-09T21:38:58","date_gmt":"2025-01-09T20:38:58","guid":{"rendered":"https:\/\/pasaenmendoza.com\/?p=10971"},"modified":"2025-01-09T21:38:59","modified_gmt":"2025-01-09T20:38:59","slug":"catalina-di-marco-fue-elegida-reina-de-la-vendimia-de-malargue","status":"publish","type":"post","link":"https:\/\/pasaenmendoza.com\/?p=10971","title":{"rendered":"Catalina Di Marco fue elegida reina de la Vendimia de Malarg\u00fce"},"content":{"rendered":"\n<p>Catalina Di Marco es la nueva\u00a0<strong>reina\u00a0<\/strong>de la\u00a0<strong>Vendimia<\/strong>\u00a0de\u00a0<strong>Malarg\u00fce<\/strong>, cuya fiesta el mi\u00e9rcoles fue la tercera del calendario vendimial 2025 que contin\u00faa este jueves en La Paz. La joven malarg\u00fcina fue elegida tras el espect\u00e1culo &#8220;Amalgama: hilando el presente, tejiendo el futuro&#8221;.<\/p>\n\n\n\n<p>Despu\u00e9s de\u00a0<strong>Malarg\u00fce<\/strong>, el turno de La Paz ser\u00e1 esta noche de jueves a las 22. Ya pasaron las vendimias de Guaymall\u00e9n y Luj\u00e1n de Cuyo, realizadas a mitad de diciembre.<\/p>\n\n\n\n<p>Catalina obtuvo la mayor cantidad de votos, 130 en concreto, repartidos entre las 4 candidatas a\u00a0<strong>reina\u00a0<\/strong>de la\u00a0<strong>Vendimia\u00a0<\/strong>de\u00a0<strong>Malarg\u00fce<\/strong>. Con 70 sufragios a su favor, virreina result\u00f3 la representante de La Escondida, Guadalupe V\u00e1zquez. La votaci\u00f3n fue electr\u00f3nica y lo hizo el p\u00fablico a trav\u00e9s del sorteo de n\u00famero que coincidiera con su terminaci\u00f3n de DNI.<\/p>\n\n\n\n<p>Asistieron al acto, que se realiz\u00f3 en el predio Ra\u00edces Malarg\u00fcinas y que se torn\u00f3 en antesala de la Fiesta Nacional del Chivo, autoridades locales y provinciales, adem\u00e1s de la\u00a0<strong>reina\u00a0<\/strong>nacional Agostina Saua.<\/p>\n\n\n\n<p>El intendente de&nbsp;<strong>Malarg\u00fce<\/strong>, Celso Jaque, ofici\u00f3 de anfitri\u00f3n y comparti\u00f3 primera fila con su par de Santa Rosa, Flor Dest\u00e9fanis y el subsecretario de Cultura de la provincia, Diego Gareca.<\/p>\n\n\n\n<h2 class=\"wp-block-heading\">Qui\u00e9n es la reina de la Vendimia de Malarg\u00fce 2025<\/h2>\n\n\n\n<p>Ana Catalina Di Marco De Miguel, tal su nombre completo, recibi\u00f3 los atributos reales este mi\u00e9rcoles por la noche en manos de\u00a0la reina de la\u00a0<strong>Vendimia\u00a0<\/strong>saliente, Candela Carricondo Cecconato.<\/p>\n\n\n\n<p>La joven tiene 21 a\u00f1os y estudia el profesorado de Educaci\u00f3n F\u00edsica, represent\u00f3 al distrito de la Ciudad de\u00a0<strong>Malarg\u00fce<\/strong>. Sus ojos verdes y cabello rubio la distinguieron en el escenario de la primera\u00a0<strong>Vendimia<\/strong>\u00a0departamental de este 2025.<\/p>\n\n\n\n<p>En su cuenta de Instagram,&nbsp;<strong>Catalina&nbsp;<\/strong>se describe como &#8220;deportista&#8221; y &#8220;creadora de contenidos&#8221;. Ha participado en maratones y tambi\u00e9n ha realizado campa\u00f1as publicitarias como modelo.<\/p>\n\n\n\n<h2 class=\"wp-block-heading\">La Vendimia de Malarg\u00fce tuvo a su &#8220;patrona de los mineros&#8221;<\/h2>\n\n\n\n<p>El espect\u00e1culo &#8220;Amalgama: hilando el presente, tejiendo el futuro&#8221; de la&nbsp;<strong>Vendimia&nbsp;<\/strong>de&nbsp;<strong>Malarg\u00fce&nbsp;<\/strong>este a\u00f1o fue dirigido por Constanza Ostrowsky. En menos de una hora hizo un repaso por los sitios tur\u00edsticos y las bellezas naturales de la ciudad, destac\u00f3 el trabajo de las mujeres tejedoras y la identidad del lugar como pueblo minero.<\/p>\n\n\n\n<p>De hecho, en el cuadro dedicado a la Virgen de la Carrodilla, se la nombr\u00f3 como &#8220;patrona de los mineros&#8221;, como un gui\u00f1o del guion de la&nbsp;<strong>Vendimia&nbsp;<\/strong>a la patrona de los vi\u00f1edos en una de las pocas regiones de Mendoza donde no hay producci\u00f3n vitivin\u00edcola.<\/p>\n\n\n\n<p>&#8220;Cuando una min\u00fascula fibra se une a miles, entonces el hilo se fortalece. Son manos laboriosas de una hacedora cultural las que hacen posible esa fusi\u00f3n eterna, que convertida en hebra se posa sobre un telar de ilusiones, donde aquellas mismas manos tejen futuro&#8221;, expresaba la voz en off al inicio de la fiesta de la\u00a0<strong>Vendimia\u00a0<\/strong>de\u00a0<strong>Malarg\u00fce\u00a0<\/strong>que tuvo pasajes coloridos para tejer la historia del departamento, desde los pueblos originarios hasta su conectividad con la capital mendocina.<\/p>\n\n\n\n<p>La intenci\u00f3n del&nbsp;<strong>acto vendimial<\/strong>, de acuerdo a lo que se explica en su sinopsis, fue establecer un &#8220;paralelismo entre una familia de campo, unida por el eterno amor de una madre tejendera, y las ansias de progreso de una ciudad proyectada al mundo&#8221;.<\/p>\n\n\n\n<p>Tras la\u00a0<strong>Vendimia\u00a0<\/strong>departamental, abri\u00f3 oficialmente la 38\u00b0 edici\u00f3n de la Fiesta Nacional del Chivo que hasta el domingo se desarrollar\u00e1 en ese mismo predio Ra\u00edces Malarg\u00fcinas.<\/p>\n\n\n\n<p><strong>Fuente: www.diariouno.com.ar<\/strong><\/p>\n","protected":false},"excerpt":{"rendered":"<p>Catalina Di Marco es la nueva\u00a0reina\u00a0de la\u00a0Vendimia\u00a0de\u00a0Malarg\u00fce, cuya fiesta el mi\u00e9rcoles fue la tercera del calendario vendimial 2025 que contin\u00faa este jueves en La Paz. La joven malarg\u00fcina fue elegida tras el espect\u00e1culo &#8220;Amalgama: hilando el presente, tejiendo el futuro&#8221;. Despu\u00e9s de\u00a0Malarg\u00fce, el turno de La Paz ser\u00e1 esta noche de jueves a las 22. [&hellip;]<\/p>\n","protected":false},"author":2,"featured_media":10972,"comment_status":"open","ping_status":"open","sticky":false,"template":"","format":"standard","meta":[],"categories":[74],"tags":[],"_links":{"self":[{"href":"https:\/\/pasaenmendoza.com\/index.php?rest_route=\/wp\/v2\/posts\/10971"}],"collection":[{"href":"https:\/\/pasaenmendoza.com\/index.php?rest_route=\/wp\/v2\/posts"}],"about":[{"href":"https:\/\/pasaenmendoza.com\/index.php?rest_route=\/wp\/v2\/types\/post"}],"author":[{"embeddable":true,"href":"https:\/\/pasaenmendoza.com\/index.php?rest_route=\/wp\/v2\/users\/2"}],"replies":[{"embeddable":true,"href":"https:\/\/pasaenmendoza.com\/index.php?rest_route=%2Fwp%2Fv2%2Fcomments&post=10971"}],"version-history":[{"count":1,"href":"https:\/\/pasaenmendoza.com\/index.php?rest_route=\/wp\/v2\/posts\/10971\/revisions"}],"predecessor-version":[{"id":10973,"href":"https:\/\/pasaenmendoza.com\/index.php?rest_route=\/wp\/v2\/posts\/10971\/revisions\/10973"}],"wp:featuredmedia":[{"embeddable":true,"href":"https:\/\/pasaenmendoza.com\/index.php?rest_route=\/wp\/v2\/media\/10972"}],"wp:attachment":[{"href":"https:\/\/pasaenmendoza.com\/index.php?rest_route=%2Fwp%2Fv2%2Fmedia&parent=10971"}],"wp:term":[{"taxonomy":"category","embeddable":true,"href":"https:\/\/pasaenmendoza.com\/index.php?rest_route=%2Fwp%2Fv2%2Fcategories&post=10971"},{"taxonomy":"post_tag","embeddable":true,"href":"https:\/\/pasaenmendoza.com\/index.php?rest_route=%2Fwp%2Fv2%2Ftags&post=10971"}],"curies":[{"name":"wp","href":"https:\/\/api.w.org\/{rel}","templated":true}]}}