{"id":10974,"date":"2025-01-09T21:47:27","date_gmt":"2025-01-09T20:47:27","guid":{"rendered":"https:\/\/pasaenmendoza.com\/?p=10974"},"modified":"2025-01-09T21:47:28","modified_gmt":"2025-01-09T20:47:28","slug":"gracias-al-postre-de-la-cajita-feliz-una-fabrica-mendocina-crecio-el-doble-en-2024","status":"publish","type":"post","link":"https:\/\/pasaenmendoza.com\/?p=10974","title":{"rendered":"Gracias al postre de la &#8220;cajita feliz&#8221;, una f\u00e1brica mendocina creci\u00f3 el doble en 2024"},"content":{"rendered":"\n<p>Una\u00a0<strong>f\u00e1brica<\/strong>\u00a0mendocina logr\u00f3 instalar su\u00a0<strong>postre\u00a0<\/strong>Zummy en la &#8220;cajita feliz&#8221; de\u00a0<strong>McDonald&#8217;s<\/strong>. El proyect\u00f3 implic\u00f3 unos 5 a\u00f1os y en 2024 &#8220;madur\u00f3&#8221;, seg\u00fan cuentan sus responsables, al punto que en un momento dif\u00edcil para la econom\u00eda del pa\u00eds ellos lograron aumentar al doble su estructura organizativa y proyectan duplicar la producci\u00f3n en este 2025.<\/p>\n\n\n\n<p>Se trata de F\u00e9nix, la empresa familiar que desde\u00a0<strong>General Alvear<\/strong>\u00a0se abre al mundo desde hace ya 30 a\u00f1os. La\u00a0<strong>f\u00e1brica\u00a0<\/strong>es b\u00e1sicamente exportadora de\u00a0<strong>jugos\u00a0<\/strong>de fruta convencionales y org\u00e1nicos, vendiendo sus productos a m\u00e1s de 35 pa\u00edses en 5 continentes.<\/p>\n\n\n\n<p>El acuerdo que alcanzaron el a\u00f1o pasado con la firma Arcos Dorados para incorporar en el combo infantil de&nbsp;<strong>McDonald&#8217;s&nbsp;<\/strong>de Argentina su pur\u00e9 de&nbsp;<strong>frutas&nbsp;<\/strong>natural Zummy hizo que F\u00e9nix duplicara su planta de empleados. S\u00f3lo en 2024 tomaron unos 100 trabajadores nuevos y en los pr\u00f3ximos meses se sumar\u00e1n 30 a la estructura organizativa de la&nbsp;<strong>f\u00e1brica<\/strong>.<\/p>\n\n\n\n<p>Porque adem\u00e1s tuvieron que invertir en nuevas tecnolog\u00edas que llevar\u00e1n a la&nbsp;<strong>f\u00e1brica&nbsp;<\/strong>a pasar de una producci\u00f3n de 15 millones de&nbsp;<strong>postres&nbsp;<\/strong>Zummy en 2024 a 30 millones para este a\u00f1o.<\/p>\n\n\n\n<p>Su capacidad de respuesta y resiliencia ante los avatares econ\u00f3micos del pa\u00eds dieron buenos frutos, de acuerdo a lo que explica Germ\u00e1n Per\u00f3n, quien junto a su hermano Mariano est\u00e1n al frente del emprendimiento agroindustrial ubicado en Bowen,\u00a0<strong>General Alvear<\/strong>.<\/p>\n\n\n\n<h2 class=\"wp-block-heading\">La f\u00e1brica coron\u00f3 el 2024 con un premio por sus exportaciones<\/h2>\n\n\n\n<p>La&nbsp;<strong>f\u00e1brica&nbsp;<\/strong>F\u00e9nix abarca tres unidades de negocio: la propiamente agr\u00edcola; la productora de pulpa y pur\u00e9 F\u00e9nix, de donde salen productos &#8220;semielaborados&#8221; como n\u00e9ctar y pur\u00e9 que venden para marcas de mermeladas y&nbsp;<strong>jugos&nbsp;<\/strong>nacionales y extranjeros (Cepita, Coca-Cola, Nestl\u00e9, Baggio, Watts); y desde el a\u00f1o pasado sum\u00f3 Zummy, un producto &#8220;con identidad propia&#8221;, definen los hermanos Per\u00f3n.<\/p>\n\n\n\n<p>En unas 600 hect\u00e1reas cultivadas con durazno, damasco, membrillo, pera y ciruela, principalmente en el distrito Real del Padre de San Rafael, obtienen las&nbsp;<strong>frutas&nbsp;<\/strong>que procesan y elaboran m\u00e1s de 250 trabajadores en su planta de 9.000 m2 de&nbsp;<strong>General Alvear<\/strong>.<\/p>\n\n\n\n<p>Para coronar el \u00faltimo gran a\u00f1o de crecimiento, la firma mendocina acaba de recibir el\u00a0<strong>Premio Exportar<\/strong>\u00a0como Embajadora de la Regi\u00f3n Cuyo que otorga hace 29 a\u00f1os la Agencia Argentina de Inversiones y Comercio Internacional (AAICI). Es la segunda vez que obtienen esta distinci\u00f3n, en 2018 fueron reconocidos por su ADN Exportador.<\/p>\n\n\n\n<p>El Premio Exportar le permite a la&nbsp;<strong>f\u00e1brica&nbsp;<\/strong>obtener importantes beneficios en la participaci\u00f3n de ferias internacionales del calendario 2025.<\/p>\n\n\n\n<p>Para Germ\u00e1n Per\u00f3n, el 2024 fue &#8220;un a\u00f1o sorprendente para bien, a pesar de todas las complicaciones del pa\u00eds, hemos venido desarroll\u00e1ndonos, creciendo, hemos sostenido los&nbsp;<strong>mercados<\/strong>, y todo ha sido un proceso largo de trabajo y maduraci\u00f3n&#8221; de la empresa.<\/p>\n\n\n\n<h2 class=\"wp-block-heading\">El postre de McDonald&#8217;s que posicion\u00f3 la f\u00e1brica en el mundo<\/h2>\n\n\n\n<p>En espec\u00edfico, Per\u00f3n hace referencia a Zummy,\u00a0el\u00a0<strong>postre\u00a0<\/strong>que instal\u00f3 en uno de los mercados alimenticios m\u00e1s codiciados como es la multinacional\u00a0<strong>McDonald&#8217;s<\/strong>.<\/p>\n\n\n\n<p>&#8220;Fue un proyecto que madur\u00f3, por decirlo de alguna forma, y tambi\u00e9n nos hizo expandir y crecer mucho en&nbsp;<strong>exportaci\u00f3n<\/strong>&#8220;, afirma el administrador de empresas alvearense quien con su hermano contador, Mariano, continuaron el legado familiar de esta&nbsp;<strong>f\u00e1brica&nbsp;<\/strong>fundada en 1995 que en la \u00faltima d\u00e9cada triplic\u00f3 su producci\u00f3n.<\/p>\n\n\n\n<p>Germ\u00e1n anticipa que su objetivo para este 2025 es mantener los mercados internacionales, ya que &#8220;somos netamente\u00a0<strong>exportadores<\/strong>&#8221; de jugos y n\u00e9ctar de frutas que firmas de Jap\u00f3n, Estados Unidos o cualquier otra parte del mundo utilizan como materia prima para sus productos alimenticios.<\/p>\n\n\n\n<p>El empresario confirma que el mercado interno de F\u00e9nix &#8220;oscila entre un 10 y un 15%&#8221; de sus ventas, y destaca que &#8220;hemos logrado entrar en todas las cadenas de supermercados y estamos haciendo algunas marcas privadas como Farmacity, Roemers, (el holding chileno) Cencosur, porque la idea es seguir abriendo&nbsp;<strong>mercados&nbsp;<\/strong>afuera&#8221;.<\/p>\n\n\n\n<p>Y con ansias esperan los hermanos Per\u00f3n que lleguen las nuevas maquinarias que les permitir\u00e1 duplicar la producci\u00f3n de&nbsp;<strong>postres&nbsp;<\/strong>Zummy. &#8220;Es una nueva l\u00ednea de llenado de Zummy, la l\u00ednea anterior que ten\u00edamos nos permit\u00eda producir m\u00e1s o menos 15 millones al a\u00f1o, y ahora vamos a poder producir 30&#8221;, revelan desde la&nbsp;<strong>f\u00e1brica&nbsp;<\/strong>alvearense.<\/p>\n\n\n\n<h2 class=\"wp-block-heading\">La f\u00e1brica acaba de lanzar jugos Zummy para deportistas<\/h2>\n\n\n\n<p>Adem\u00e1s, dentro de la marca Zummy la&nbsp;<strong>f\u00e1brica<\/strong>&nbsp;alvearense desarroll\u00f3 un suplemento energ\u00e9tico para quienes practican deportes bajo la l\u00ednea Zummy Sport.<\/p>\n\n\n\n<p>Elaborado con pur\u00e9 de\u00a0<strong>frutas\u00a0<\/strong>real, &#8220;ofrece un equilibrio perfecto de carbohidratos y est\u00e1 enriquecido con electrolitos esenciales como sodio, potasio y magnesio para prevenir la deshidrataci\u00f3n y calambres&#8221;, anuncian desde F\u00e9nix.<\/p>\n\n\n\n<p>&#8220;Acabamos de lanzar este suplemento dietario que es mejor a los geles que son m\u00e1s qu\u00edmicos; nuestro producto es un&nbsp;<strong>jugo m\u00e1s natural&nbsp;<\/strong>aunque no tiene la potencia que tiene un gel que es para deportistas&#8221;, completa Per\u00f3n.<\/p>\n\n\n\n<h2 class=\"wp-block-heading\">A la f\u00e1brica le cuesta cubrir puestos de trabajo especializados<\/h2>\n\n\n\n<p>El entusiasmo y el empuje de expansi\u00f3n que ha tenido F\u00e9nix en el \u00faltimo tiempo\u00a0no les genera hasta el momento una proyecci\u00f3n para instalarse en la capital mendocina o fuera de su Alvear natal. Y esto pese a reconocer las dificultades de estar ubicados en una ciudad del interior para el\u00a0<strong>comercio exterior<\/strong>.<\/p>\n\n\n\n<p>&#8220;La verdad que por ah\u00ed no es el lugar estrat\u00e9gico, porque&nbsp;<strong>General Alvear<\/strong>&nbsp;est\u00e1 un poco lejos de todo y todo cuesta un poco m\u00e1s&#8221;, asume Germ\u00e1n Per\u00f3n. Sin embargo, confiesa: &#8220;Pero nosotros nacimos ac\u00e1, tuvimos la suerte de vivir ac\u00e1, y desde ac\u00e1 hemos hecho patria para salir con nuestros productos al mundo&#8221;.<\/p>\n\n\n\n<p>En cuanto a la mano de obra calificada que necesita la\u00a0<strong>f\u00e1brica\u00a0<\/strong>para seguir evolucionando, Per\u00f3n dice que les cuesta cubrir puestos especializados.<\/p>\n\n\n\n<p>&#8220;Nos es dif\u00edcil conseguir gente con especializaciones pero tambi\u00e9n vamos contratando gente que no necesariamente sea de&nbsp;<strong>Alvear<\/strong>, tenemos gente de Santa Rafael, de Mendoza Capital, de Buenos Aires&#8221;, comenta Germ\u00e1n.<\/p>\n\n\n\n<p>Y gracias al crecimiento de la empresa, ingenieros u otros profesionales\u00a0<strong>alvearenses\u00a0<\/strong>que estaban trabajando en otras partes del pa\u00eds retornaron a su lugar de origen para desarrollarse en F\u00e9nix.<\/p>\n\n\n\n<p><strong>Fuente: www.diariouno.com.ar<\/strong><\/p>\n","protected":false},"excerpt":{"rendered":"<p>Una\u00a0f\u00e1brica\u00a0mendocina logr\u00f3 instalar su\u00a0postre\u00a0Zummy en la &#8220;cajita feliz&#8221; de\u00a0McDonald&#8217;s. El proyect\u00f3 implic\u00f3 unos 5 a\u00f1os y en 2024 &#8220;madur\u00f3&#8221;, seg\u00fan cuentan sus responsables, al punto que en un momento dif\u00edcil para la econom\u00eda del pa\u00eds ellos lograron aumentar al doble su estructura organizativa y proyectan duplicar la producci\u00f3n en este 2025. Se trata de F\u00e9nix, [&hellip;]<\/p>\n","protected":false},"author":2,"featured_media":10975,"comment_status":"open","ping_status":"open","sticky":false,"template":"","format":"standard","meta":[],"categories":[85],"tags":[],"_links":{"self":[{"href":"https:\/\/pasaenmendoza.com\/index.php?rest_route=\/wp\/v2\/posts\/10974"}],"collection":[{"href":"https:\/\/pasaenmendoza.com\/index.php?rest_route=\/wp\/v2\/posts"}],"about":[{"href":"https:\/\/pasaenmendoza.com\/index.php?rest_route=\/wp\/v2\/types\/post"}],"author":[{"embeddable":true,"href":"https:\/\/pasaenmendoza.com\/index.php?rest_route=\/wp\/v2\/users\/2"}],"replies":[{"embeddable":true,"href":"https:\/\/pasaenmendoza.com\/index.php?rest_route=%2Fwp%2Fv2%2Fcomments&post=10974"}],"version-history":[{"count":1,"href":"https:\/\/pasaenmendoza.com\/index.php?rest_route=\/wp\/v2\/posts\/10974\/revisions"}],"predecessor-version":[{"id":10976,"href":"https:\/\/pasaenmendoza.com\/index.php?rest_route=\/wp\/v2\/posts\/10974\/revisions\/10976"}],"wp:featuredmedia":[{"embeddable":true,"href":"https:\/\/pasaenmendoza.com\/index.php?rest_route=\/wp\/v2\/media\/10975"}],"wp:attachment":[{"href":"https:\/\/pasaenmendoza.com\/index.php?rest_route=%2Fwp%2Fv2%2Fmedia&parent=10974"}],"wp:term":[{"taxonomy":"category","embeddable":true,"href":"https:\/\/pasaenmendoza.com\/index.php?rest_route=%2Fwp%2Fv2%2Fcategories&post=10974"},{"taxonomy":"post_tag","embeddable":true,"href":"https:\/\/pasaenmendoza.com\/index.php?rest_route=%2Fwp%2Fv2%2Ftags&post=10974"}],"curies":[{"name":"wp","href":"https:\/\/api.w.org\/{rel}","templated":true}]}}