{"id":10977,"date":"2025-01-09T21:54:18","date_gmt":"2025-01-09T20:54:18","guid":{"rendered":"https:\/\/pasaenmendoza.com\/?p=10977"},"modified":"2025-01-09T21:54:19","modified_gmt":"2025-01-09T20:54:19","slug":"se-presentaron-6-empresas-para-construir-el-mini-hospital-para-las-carceles-de-cacheuta","status":"publish","type":"post","link":"https:\/\/pasaenmendoza.com\/?p=10977","title":{"rendered":"Se presentaron 6 empresas para construir el &#8220;mini hospital&#8221; para las c\u00e1rceles de Cacheuta"},"content":{"rendered":"\n<p>Luego de lanzar la licitaci\u00f3n para dos obras clave en ambas\u00a0<strong>c\u00e1rceles\u00a0de Almafuerte<\/strong>\u00a0<strong>I y II<\/strong>\u00a0de Cacheuta, el Ministerio de Gobierno convoc\u00f3 a las empresas constructoras interesadas a recorrer ambos penales para interiorizarse de las condiciones de seguridad que exigen esas obras.<\/p>\n\n\n\n<p>Son los posibles oferentes para terminar una especie de&nbsp;<strong>&#8220;mini hospital&#8221;<\/strong>&nbsp;de la c\u00e1rcel de Almafuerte II -cuya construcci\u00f3n se fren\u00f3 a la mitad en 2022- y para reforzar los&nbsp;<strong>cierres de los patios<\/strong>&nbsp;de Almafuerte I. Para la oferta que termine imponi\u00e9ndose, se destin\u00f3 un&nbsp;<strong>presupuesto<\/strong>&nbsp;oficial de&nbsp;<strong>$1.400 millones<\/strong>.<\/p>\n\n\n\n<p>Acudir a ese recorrido era una condici\u00f3n excluyente para poder participar de la licitaci\u00f3n, y a la convocatoria que se hizo para este mi\u00e9rcoles 8 se presentaron referentes de&nbsp;<strong>6 empresas<\/strong>.<\/p>\n\n\n\n<figure class=\"wp-block-image\"><img decoding=\"async\" src=\"https:\/\/media.diariouno.com.ar\/p\/b5e4ecab68c05f3d9c2d6b004c526655\/adjuntos\/298\/imagenes\/009\/472\/0009472351\/1200x0\/smart\/licitacion-reformas-las-carceles-cacheutajpg.jpg\" alt=\"En el llamado a licitaci\u00f3n de las obras en las dos c\u00e1rceles se lanz\u00f3 a fin de a\u00f1o y este mi\u00e9rcoles se hizo un recorrido para las empresas oferentes en ambos penales de Cacheuta.\" title=\"En el llamado a licitaci\u00f3n de las obras en las dos c\u00e1rceles se lanz\u00f3 a fin de a\u00f1o y este mi\u00e9rcoles se hizo un recorrido para las empresas oferentes en ambos penales de Cacheuta.\"\/><\/figure>\n\n\n\n<p>En el llamado a licitaci\u00f3n de las obras en las dos c\u00e1rceles se lanz\u00f3 a fin de a\u00f1o y este mi\u00e9rcoles se hizo un recorrido para las empresas oferentes en ambos penales de Cacheuta.<\/p>\n\n\n\n<p>Seg\u00fan confirmaron desde el Gobierno, entre los&nbsp;<strong>interesados&nbsp;<\/strong>figuran las firmas de Mecal, Constructora San Guillermo, Winne Industrial, Sur Construcciones, Cacsa y Comercializadora Urbana.<\/p>\n\n\n\n<p>&#8220;Para este tipo de obras en&nbsp;<strong>c\u00e1rceles<\/strong>&nbsp;es fundamental que las empresas conozcan las condiciones para construir en un penal, porque hay condiciones de&nbsp;<strong>seguridad&nbsp;<\/strong>que son excluyentes y porque adem\u00e1s tienen que contemplar todas esas dificultades en las ofertas, de manera tal que sean propuestas que se condigan con esa realidad, para que luego no se terminen cayendo&#8221;, explic\u00f3 una alta fuente de Seguridad.<\/p>\n\n\n\n<p>Est\u00e1 previsto que el&nbsp;<strong>28 de enero<\/strong>&nbsp;se haga la&nbsp;<strong>apertura de sobres<\/strong>&nbsp;con las ofertas t\u00e9cnicas y econ\u00f3micas. Luego de la adjudicaci\u00f3n, habr\u00e1 un plazo de 180 d\u00edas de ejecuci\u00f3n de obras.<\/p>\n\n\n\n<h2 class=\"wp-block-heading\">La urgencia de terminar con el &#8220;mini hospital&#8221; de las c\u00e1rceles de Almafuerte<\/h2>\n\n\n\n<p>Al Ministerio de Seguridad le interesa fundamentalmente que se pueda terminar con la obra de ese &#8220;mini hospital&#8221; de Almafuerte II para evitar los costosos traslados de internos desde esas&nbsp;<strong>c\u00e1rceles<\/strong>&nbsp;hasta los hospitales del Gran Mendoza, como son el Hospital Central o El Sauce. A esos centros sanitarios deben llevarlos cada vez que uno de esos presos presenta alguna enfermedad o termina lesionado en una pelea.<\/p>\n\n\n\n<p>&#8220;Son necesarios m\u00e1s de una decena de agentes entre personal de enfermer\u00eda, m\u00e9dicos y choferes para el traslado y esa log\u00edstica insume un gasto significativo para el Estado. Se suma a esto que por el tiempo de traslado a los efectores p\u00fablicos no se logra prestar una atenci\u00f3n r\u00e1pida a las&nbsp;<strong>personas privadas de libertad<\/strong>&#8220;, explicaron.<\/p>\n\n\n\n<p>La obra de ese pabell\u00f3n de asistencia psicosocial qued\u00f3 estancada al&nbsp;<strong>50% de ejecuci\u00f3n desde el 2022<\/strong>, cuando se interrumpieron esos trabajos. Desde entonces s\u00f3lo se ha acopiado material.<\/p>\n\n\n\n<p>Ese edificio tendr\u00e1 3 bloques bien diferenciados: el bloque A con&nbsp;<strong>consultorios<\/strong>&nbsp;externos, farmacia y kinesiolog\u00eda, el bloque B de atenci\u00f3n de&nbsp;<strong>emergencias<\/strong>, internaci\u00f3n, enfermer\u00eda y showroom, y el bloque C de salud mental, es decir, consultorios de psicolog\u00eda y psiquiatr\u00eda.<\/p>\n\n\n\n<p>Adem\u00e1s, la licitaci\u00f3n contempla las obras de refuerzo y consolidaci\u00f3n estructural de los muros de cierres en patios de los m\u00f3dulos 2, 3 y 4 del penal de\u00a0<strong>Almafuerte I.<\/strong><\/p>\n\n\n\n<p><strong>Fuente: www.diariouno.com.ar<\/strong><\/p>\n\n\n\n<p><a rel=\"noreferrer noopener\" href=\"https:\/\/www.facebook.com\/dialog\/feed?app_id=161316767303985&amp;link=https%3A%2F%2Fwww.diariouno.com.ar%2Fpolitica%2Fse-presentaron-6-empresas-construir-el-mini-hospital-las-carceles-cacheuta-n1391768&amp;name=Se+presentaron+6+empresas+para+construir+el+%22mini+hospital%22+para+las+c%C3%A1rceles+de+Cacheuta&amp;caption=C%C3%A1rceles&amp;description=Para+terminar+ese+edificio+de+asistencia+psicosocial+y+para+reforzar+los+cierres+de+los+patios+de+las+dos+c%C3%A1rceles%2C+el+Gobierno+ya+destin%C3%B3+%241.400+millones&amp;redirect_uri=https%3A%2F%2Fwww.diariouno.com.ar%2Fpolitica%2Fse-presentaron-6-empresas-construir-el-mini-hospital-las-carceles-cacheuta-n1391768\" target=\"_blank\"><\/a><\/p>\n\n\n\n<p><a rel=\"noreferrer noopener\" href=\"https:\/\/twitter.com\/intent\/tweet?url=https%3A%2F%2Fwww.diariouno.com.ar%2Fc1391768&amp;related=diariouno&amp;text=Se+presentaron+6+empresas+para+construir+el+%22mini+hospital%22+para+las+c%C3%A1rceles+de+Cacheuta&amp;via=diariouno\" target=\"_blank\"><\/a><\/p>\n\n\n\n<p><a href=\"mailto:?body=https%3A%2F%2Fwww.diariouno.com.ar%2Fpolitica%2Fse-presentaron-6-empresas-construir-el-mini-hospital-las-carceles-cacheuta-n1391768&amp;subject=%E2%80%9CSe%20presentaron%206%20empresas%20para%20construir%20el%20%22mini%20hospital%22%20para%20las%20c%C3%A1rceles%20de%20Cacheuta%E2%80%9D\"><\/a><\/p>\n\n\n\n<p><a rel=\"noreferrer noopener\" href=\"https:\/\/api.whatsapp.com\/send?text=%E2%80%9CSe%20presentaron%206%20empresas%20para%20construir%20el%20%22mini%20hospital%22%20para%20las%20c%C3%A1rceles%20de%20Cacheuta%E2%80%9D%20https%3A%2F%2Fwww.diariouno.com.ar%2Fpolitica%2Fse-presentaron-6-empresas-construir-el-mini-hospital-las-carceles-cacheuta-n1391768\" target=\"_blank\"><\/a><\/p>\n\n\n\n<p><a rel=\"noreferrer noopener\" href=\"http:\/\/www.linkedin.com\/shareArticle?mini=true&amp;url=https%3A%2F%2Fwww.diariouno.com.ar%2Fpolitica%2Fse-presentaron-6-empresas-construir-el-mini-hospital-las-carceles-cacheuta-n1391768\" target=\"_blank\"><\/a><\/p>\n","protected":false},"excerpt":{"rendered":"<p>Luego de lanzar la licitaci\u00f3n para dos obras clave en ambas\u00a0c\u00e1rceles\u00a0de Almafuerte\u00a0I y II\u00a0de Cacheuta, el Ministerio de Gobierno convoc\u00f3 a las empresas constructoras interesadas a recorrer ambos penales para interiorizarse de las condiciones de seguridad que exigen esas obras. Son los posibles oferentes para terminar una especie de&nbsp;&#8220;mini hospital&#8221;&nbsp;de la c\u00e1rcel de Almafuerte II [&hellip;]<\/p>\n","protected":false},"author":2,"featured_media":10978,"comment_status":"open","ping_status":"open","sticky":false,"template":"","format":"standard","meta":[],"categories":[47],"tags":[],"_links":{"self":[{"href":"https:\/\/pasaenmendoza.com\/index.php?rest_route=\/wp\/v2\/posts\/10977"}],"collection":[{"href":"https:\/\/pasaenmendoza.com\/index.php?rest_route=\/wp\/v2\/posts"}],"about":[{"href":"https:\/\/pasaenmendoza.com\/index.php?rest_route=\/wp\/v2\/types\/post"}],"author":[{"embeddable":true,"href":"https:\/\/pasaenmendoza.com\/index.php?rest_route=\/wp\/v2\/users\/2"}],"replies":[{"embeddable":true,"href":"https:\/\/pasaenmendoza.com\/index.php?rest_route=%2Fwp%2Fv2%2Fcomments&post=10977"}],"version-history":[{"count":1,"href":"https:\/\/pasaenmendoza.com\/index.php?rest_route=\/wp\/v2\/posts\/10977\/revisions"}],"predecessor-version":[{"id":10979,"href":"https:\/\/pasaenmendoza.com\/index.php?rest_route=\/wp\/v2\/posts\/10977\/revisions\/10979"}],"wp:featuredmedia":[{"embeddable":true,"href":"https:\/\/pasaenmendoza.com\/index.php?rest_route=\/wp\/v2\/media\/10978"}],"wp:attachment":[{"href":"https:\/\/pasaenmendoza.com\/index.php?rest_route=%2Fwp%2Fv2%2Fmedia&parent=10977"}],"wp:term":[{"taxonomy":"category","embeddable":true,"href":"https:\/\/pasaenmendoza.com\/index.php?rest_route=%2Fwp%2Fv2%2Fcategories&post=10977"},{"taxonomy":"post_tag","embeddable":true,"href":"https:\/\/pasaenmendoza.com\/index.php?rest_route=%2Fwp%2Fv2%2Ftags&post=10977"}],"curies":[{"name":"wp","href":"https:\/\/api.w.org\/{rel}","templated":true}]}}