{"id":10981,"date":"2025-01-10T14:43:08","date_gmt":"2025-01-10T13:43:08","guid":{"rendered":"https:\/\/pasaenmendoza.com\/?p=10981"},"modified":"2025-01-10T14:43:09","modified_gmt":"2025-01-10T13:43:09","slug":"el-tiempo-en-mendoza-para-este-viernes-vuelve-a-subir-la-temperatura-y-hay-alerta-por-tormentas","status":"publish","type":"post","link":"https:\/\/pasaenmendoza.com\/?p=10981","title":{"rendered":"El tiempo en Mendoza para este viernes: vuelve a subir la temperatura y hay alerta por tormentas"},"content":{"rendered":"\n<p>A pesar del peque\u00f1o respiro del jueves, el&nbsp;<strong>Servicio Meteorol\u00f3gico Nacional<\/strong>&nbsp;inform\u00f3 que la&nbsp;<strong>temperatura m\u00e1xima&nbsp;<\/strong>volver\u00e1 a subir y llegar\u00e1 a los&nbsp;<strong>33 grados<\/strong>. En tanto, la m\u00ednima ser\u00e1 de&nbsp;<strong>21 grados<\/strong>.&nbsp;<\/p>\n\n\n\n<p>El pron\u00f3stico de la&nbsp;<strong>Direcci\u00f3n de Contingencias Clim\u00e1ticas<\/strong>&nbsp;adelant\u00f3 que seguir\u00e1 estando&nbsp;<em>\u201cinestable con nubosidad variable con ascenso de la temperatura, vientos moderados del sector sur<\/em>\u201c.<\/p>\n\n\n\n<p>Esa inestabilidad har\u00e1 que haya&nbsp;<em>\u201ctormentas aisladas\u201d<\/em>&nbsp;y&nbsp;<em>\u201cprecipitaciones en cordillera\u201d<\/em>.<\/p>\n\n\n\n<p>Con respecto al fin de semana, el calor seguir\u00e1 subiendo y para el\u00a0<strong>s\u00e1bado\u00a0<\/strong>llegar\u00e1 a los<strong>\u00a036 grados<\/strong>. Sin embargo, el d\u00eda con la temperatura m\u00e1s alta ser\u00e1 el<strong>\u00a0domingo<\/strong>, cuando se alcancen los\u00a0<strong>38 grados<\/strong>.<\/p>\n\n\n\n<h2 class=\"wp-block-heading\" id=\"h-alerta-amarilla\">Alerta amarilla<\/h2>\n\n\n\n<p>El&nbsp;<strong>SMN<\/strong>&nbsp;mantiene para el viernes la&nbsp;<strong>alerta&nbsp;<\/strong>para la madrugada y la tarde, en condici\u00f3n&nbsp;<strong>amarilla<\/strong>&nbsp;para la&nbsp;<strong>tarde y noche<\/strong>&nbsp;en&nbsp;<strong>&nbsp;Jun\u00edn, Rivadavia, Valles de Luj\u00e1n de Cuyo, Valles de San Carlos, Valles de Tunuy\u00e1n y Valles de Tupungato<\/strong>.&nbsp;De igual manera, para la&nbsp;<strong>Cordillera de Las Heras, Cordillera de Luj\u00e1n de Cuyo y Cordillera de Tupungato<\/strong>.<\/p>\n\n\n\n<p>Esto implica que el \u00e1rea ser\u00e1 afectada por \u201c<em>tormentas aisladas, algunas localmente fuertes o severas. Las mismas estar\u00e1n acompa\u00f1adas por abundante precipitaci\u00f3n en cortos per\u00edodos, actividad el\u00e9ctrica intensa, ca\u00edda de granizo y r\u00e1fagas que podr\u00edan superar los 60 kil\u00f3metros por hora. Se prev\u00e9n valores de precipitaci\u00f3n acumulada entre 30 y 50 mil\u00edmetros, que pueden ser superados de forma puntual<\/em>\u201c.<\/p>\n\n\n\n<p><strong>Fuente: www.elsol.com.ar<\/strong><\/p>\n","protected":false},"excerpt":{"rendered":"<p>A pesar del peque\u00f1o respiro del jueves, el&nbsp;Servicio Meteorol\u00f3gico Nacional&nbsp;inform\u00f3 que la&nbsp;temperatura m\u00e1xima&nbsp;volver\u00e1 a subir y llegar\u00e1 a los&nbsp;33 grados. En tanto, la m\u00ednima ser\u00e1 de&nbsp;21 grados.&nbsp; El pron\u00f3stico de la&nbsp;Direcci\u00f3n de Contingencias Clim\u00e1ticas&nbsp;adelant\u00f3 que seguir\u00e1 estando&nbsp;\u201cinestable con nubosidad variable con ascenso de la temperatura, vientos moderados del sector sur\u201c. Esa inestabilidad har\u00e1 que haya&nbsp;\u201ctormentas [&hellip;]<\/p>\n","protected":false},"author":2,"featured_media":10982,"comment_status":"open","ping_status":"open","sticky":false,"template":"","format":"standard","meta":[],"categories":[52],"tags":[],"_links":{"self":[{"href":"https:\/\/pasaenmendoza.com\/index.php?rest_route=\/wp\/v2\/posts\/10981"}],"collection":[{"href":"https:\/\/pasaenmendoza.com\/index.php?rest_route=\/wp\/v2\/posts"}],"about":[{"href":"https:\/\/pasaenmendoza.com\/index.php?rest_route=\/wp\/v2\/types\/post"}],"author":[{"embeddable":true,"href":"https:\/\/pasaenmendoza.com\/index.php?rest_route=\/wp\/v2\/users\/2"}],"replies":[{"embeddable":true,"href":"https:\/\/pasaenmendoza.com\/index.php?rest_route=%2Fwp%2Fv2%2Fcomments&post=10981"}],"version-history":[{"count":1,"href":"https:\/\/pasaenmendoza.com\/index.php?rest_route=\/wp\/v2\/posts\/10981\/revisions"}],"predecessor-version":[{"id":10983,"href":"https:\/\/pasaenmendoza.com\/index.php?rest_route=\/wp\/v2\/posts\/10981\/revisions\/10983"}],"wp:featuredmedia":[{"embeddable":true,"href":"https:\/\/pasaenmendoza.com\/index.php?rest_route=\/wp\/v2\/media\/10982"}],"wp:attachment":[{"href":"https:\/\/pasaenmendoza.com\/index.php?rest_route=%2Fwp%2Fv2%2Fmedia&parent=10981"}],"wp:term":[{"taxonomy":"category","embeddable":true,"href":"https:\/\/pasaenmendoza.com\/index.php?rest_route=%2Fwp%2Fv2%2Fcategories&post=10981"},{"taxonomy":"post_tag","embeddable":true,"href":"https:\/\/pasaenmendoza.com\/index.php?rest_route=%2Fwp%2Fv2%2Ftags&post=10981"}],"curies":[{"name":"wp","href":"https:\/\/api.w.org\/{rel}","templated":true}]}}