{"id":10990,"date":"2025-01-10T14:56:29","date_gmt":"2025-01-10T13:56:29","guid":{"rendered":"https:\/\/pasaenmendoza.com\/?p=10990"},"modified":"2025-01-10T14:56:30","modified_gmt":"2025-01-10T13:56:30","slug":"victoria-lucero-fue-proclamada-reina-de-la-vendimia-2025-de-la-paz","status":"publish","type":"post","link":"https:\/\/pasaenmendoza.com\/?p=10990","title":{"rendered":"Victoria Lucero fue proclamada reina de la Vendimia 2025 de La Paz"},"content":{"rendered":"\n<p>Victoria Lucero fue coronada\u00a0<strong>reina<\/strong>\u00a0de la\u00a0<strong>Vendimia\u00a0<\/strong>2025 de\u00a0<strong>La Paz<\/strong>\u00a0tras el espect\u00e1culo &#8220;Vino de Diamantes&#8221; que se realiz\u00f3 este jueves por la noche en el estadio abierto Juan Domingo Per\u00f3n de ese departamento del Este, considerado &#8220;el portal de Mendoza&#8221;.<\/p>\n\n\n\n<p>A trav\u00e9s del voto en papel y presencial, la joven de&nbsp;<strong>La Paz<\/strong>&nbsp;fue elegida para representar a su pueblo en la&nbsp;<strong>Vendimia&nbsp;<\/strong>Central a realizarse el s\u00e1bado 8 de marzo en el teatro griego Frank Romero Day. Victoria tiene 18 a\u00f1os y estudia la Tecnicatura en Seguridad P\u00fablica.<\/p>\n\n\n\n<p>La modalidad tradicional de\u00a0<strong>votos\u00a0<\/strong>fue defendida por el intendente Fernando Ubieta argumentando que &#8220;una vez lo implementamos en\u00a0<strong>La Paz<\/strong>\u00a0y en medio de la fiesta fall\u00f3, as\u00ed que vamos a seguir con el canto de\u00a0<strong>votos\u00a0<\/strong>que hacemos mediante el sorteo de terminaci\u00f3n de DNI&#8221;.<\/p>\n\n\n\n<p>En cambio, para el subsecretario de Cultura de la provincia el&nbsp;<strong>voto electr\u00f3nico<\/strong>&nbsp;posibilita mayor participaci\u00f3n de la gente. &#8220;Una elecci\u00f3n online aumenta la participaci\u00f3n y mi idea de Vendimia es que tiene que ser cada vez m\u00e1s participativa; pero cada municipio es aut\u00f3nomo y de hecho creo que la mayor\u00eda sigue cantando votos&#8221;, manifest\u00f3 minutos antes de iniciar la&nbsp;<strong>Vendimia&nbsp;<\/strong>departamental.<\/p>\n\n\n\n<p>En sinton\u00eda se expres\u00f3 la intendenta de Santa Rosa Flor Dest\u00e9fanis. De todas formas, Dest\u00e9fanis -quien est\u00e1 cumpliendo 15 a\u00f1os de su reinado nacional- aclar\u00f3 que en su departamento la&nbsp;<strong>votaci\u00f3n&nbsp;<\/strong>sigue siendo en papel para mantener la tradici\u00f3n del conteo en vivo y el canto de cada uno de los&nbsp;<strong>votos<\/strong>.<\/p>\n\n\n\n<h2 class=\"wp-block-heading\">Controversia por el voto para elegir la reina de la Vendimia<\/h2>\n\n\n\n<p>El tema de\u00a0la forma de votaci\u00f3n de las reinas de la\u00a0<strong>Vendimia<\/strong> lo instalaron las soberanas nacionales actuales.<\/p>\n\n\n\n<p>La\u00a0<strong>reina\u00a0<\/strong>de la\u00a0<strong>Vendimia\u00a0<\/strong>2024, Agostina Saua, aclar\u00f3 en la fiesta de\u00a0<strong>La Paz<\/strong>\u00a0que &#8220;el voto tradicional se vive con mucha magia y emoci\u00f3n, es importante sobre todo para los pueblos del interior y nos gustar\u00eda que se preserve la tradici\u00f3n de cantar los\u00a0<strong>votos\u00a0<\/strong>en las vendimias de los departamentos&#8221;.<\/p>\n\n\n\n<p>De todas formas, Saua dijo que &#8220;simplemente fue una reflexi\u00f3n a la que nosotras llamamos junto con las reinas departamentales&#8221;.<\/p>\n\n\n\n<p>Y acto seguido en\u00a0<strong>La Paz<\/strong>\u00a0dio inicio el sorteo del n\u00famero para la terminaci\u00f3n del DNI que quienes lo tuviesen y sean mayores de 18 a\u00f1os estaban en condiciones de votar. A esos votos del p\u00fablico se sumaron 5 otorgados a cada una de las candidatas a\u00a0<strong>reina\u00a0<\/strong>departamental.<\/p>\n\n\n\n<h2 class=\"wp-block-heading\">La reina de la Vendimia de La Paz tiene 18 a\u00f1os<\/h2>\n\n\n\n<p>Tres candidatas se presentaron para ser&nbsp;<strong>reina&nbsp;<\/strong>de la&nbsp;<strong>Vendimia&nbsp;<\/strong>2025 de&nbsp;<strong>La Paz&nbsp;<\/strong>que complet\u00f3 la cuarta fiesta departamental de esta edici\u00f3n (ya estaban elegidas las reinas de Guaymall\u00e9n, Luj\u00e1n de Cuyo y Malarg\u00fce).<\/p>\n\n\n\n<p>Victoria Lucero represent\u00f3 al Club Deportivo Ferrocarril General San Mart\u00edn y fue la m\u00e1s votada proclam\u00e1ndose&nbsp;<strong>reina<\/strong>, mientras que la virreina elegida, Maribel P\u00e9rez, lo hizo en nombre del instituto de danzas folcl\u00f3ricas El Bagual.<\/p>\n\n\n\n<p>Ingrid Andrea Quiroga represent\u00f3 al Club Sportivo Villa Antigua y se qued\u00f3 con la corona de\u00a0<strong>reina\u00a0<\/strong>del Festival de la Paz y el Canto de Cuyo.<\/p>\n\n\n\n<p>La reina de la&nbsp;<strong>Vendimia&nbsp;<\/strong>2025 de&nbsp;<strong>La Paz<\/strong>&nbsp;obtuvo 66 votos, muy cerca de su virreina, Maribel P\u00e9rez, quien consigui\u00f3 64 sufragios a favor.<\/p>\n\n\n\n<p>Victoria Lucero tiene 18 a\u00f1os y estudia la Tecnicatura en Seguridad P\u00fablica. Recibi\u00f3 sus atributos reales de parte de la&nbsp;<strong>reina&nbsp;<\/strong>de la&nbsp;<strong>Vendimia&nbsp;<\/strong>2024 pace\u00f1a, Virginia Beneite, quien reconoci\u00f3 que durante su mandato no pudo construir un refugio para animales y que seguir\u00e1 trabajando en ese prop\u00f3sito.<\/p>\n\n\n\n<h2 class=\"wp-block-heading\">La Vendimia de La Paz revaloriz\u00f3 el agua como diamante l\u00edquido<\/h2>\n\n\n\n<p>Con m\u00fasica en vivo y unos 150 artistas pace\u00f1os en escena, la&nbsp;<strong>Vendimia&nbsp;<\/strong>de&nbsp;<strong>La Paz<\/strong>&nbsp;&#8220;Vino de Diamantes&#8221; tuvo en la direcci\u00f3n y el guion a la actriz Cecilia Herrera, quien debut\u00f3 en este rol vendimial en el 2014 y ahora retorn\u00f3 con esta fiesta de su pueblo.<\/p>\n\n\n\n<p>El\u00a0<strong>espect\u00e1culo\u00a0<\/strong>celebr\u00f3 el talento y la labor de los trabajadores de la tierra, poniendo en valor el recurso fundamental para la vida, el agua. Una banda de 20 m\u00fasicos le dio vitalidad y dinamismo a la historia que se destac\u00f3 por sus pasajes teatrales.<\/p>\n\n\n\n<p>El\u00a0<strong>calendario vendimial\u00a0<\/strong>contin\u00faa el pr\u00f3ximo 18 de enero con dos departamentos que celebran su tradici\u00f3n e identidad en homenaje al vino: Jun\u00edn y Lavalle.<\/p>\n\n\n\n<p><strong>Fuente: www.diariouno.com.ar<\/strong><\/p>\n","protected":false},"excerpt":{"rendered":"<p>Victoria Lucero fue coronada\u00a0reina\u00a0de la\u00a0Vendimia\u00a02025 de\u00a0La Paz\u00a0tras el espect\u00e1culo &#8220;Vino de Diamantes&#8221; que se realiz\u00f3 este jueves por la noche en el estadio abierto Juan Domingo Per\u00f3n de ese departamento del Este, considerado &#8220;el portal de Mendoza&#8221;. A trav\u00e9s del voto en papel y presencial, la joven de&nbsp;La Paz&nbsp;fue elegida para representar a su pueblo [&hellip;]<\/p>\n","protected":false},"author":2,"featured_media":10992,"comment_status":"open","ping_status":"open","sticky":false,"template":"","format":"standard","meta":[],"categories":[74],"tags":[],"_links":{"self":[{"href":"https:\/\/pasaenmendoza.com\/index.php?rest_route=\/wp\/v2\/posts\/10990"}],"collection":[{"href":"https:\/\/pasaenmendoza.com\/index.php?rest_route=\/wp\/v2\/posts"}],"about":[{"href":"https:\/\/pasaenmendoza.com\/index.php?rest_route=\/wp\/v2\/types\/post"}],"author":[{"embeddable":true,"href":"https:\/\/pasaenmendoza.com\/index.php?rest_route=\/wp\/v2\/users\/2"}],"replies":[{"embeddable":true,"href":"https:\/\/pasaenmendoza.com\/index.php?rest_route=%2Fwp%2Fv2%2Fcomments&post=10990"}],"version-history":[{"count":1,"href":"https:\/\/pasaenmendoza.com\/index.php?rest_route=\/wp\/v2\/posts\/10990\/revisions"}],"predecessor-version":[{"id":10995,"href":"https:\/\/pasaenmendoza.com\/index.php?rest_route=\/wp\/v2\/posts\/10990\/revisions\/10995"}],"wp:featuredmedia":[{"embeddable":true,"href":"https:\/\/pasaenmendoza.com\/index.php?rest_route=\/wp\/v2\/media\/10992"}],"wp:attachment":[{"href":"https:\/\/pasaenmendoza.com\/index.php?rest_route=%2Fwp%2Fv2%2Fmedia&parent=10990"}],"wp:term":[{"taxonomy":"category","embeddable":true,"href":"https:\/\/pasaenmendoza.com\/index.php?rest_route=%2Fwp%2Fv2%2Fcategories&post=10990"},{"taxonomy":"post_tag","embeddable":true,"href":"https:\/\/pasaenmendoza.com\/index.php?rest_route=%2Fwp%2Fv2%2Ftags&post=10990"}],"curies":[{"name":"wp","href":"https:\/\/api.w.org\/{rel}","templated":true}]}}