{"id":10991,"date":"2025-01-10T14:53:46","date_gmt":"2025-01-10T13:53:46","guid":{"rendered":"https:\/\/pasaenmendoza.com\/?p=10991"},"modified":"2025-01-10T14:53:47","modified_gmt":"2025-01-10T13:53:47","slug":"fuerte-operativo-policial-en-una-conflictiva-zona-de-guaymallen","status":"publish","type":"post","link":"https:\/\/pasaenmendoza.com\/?p=10991","title":{"rendered":"Fuerte operativo policial en una conflictiva zona de Guaymall\u00e9n"},"content":{"rendered":"\n<p>Un importante despliegue policial tuvo lugar en la ma\u00f1ana de este viernes en el asentamiento Castro, en el departamento de\u00a0<strong>Guaymall\u00e9n.\u00a0<\/strong><\/p>\n\n\n\n<p>El\u00a0<strong>operativo<\/strong>\u00a0demand\u00f3 varias horas e incluy\u00f3 a personal del CEO (Centro Estrat\u00e9gico de Operaciones), de\u00a0la Direcci\u00f3n General de Investigaciones, de la Divisi\u00f3n VANT (Veh\u00edculos A\u00e9reos no Tripulados), de las Fuerzas de Operaciones Especiales (GRIS y GES), de Infanter\u00eda, UMAR (Unidad Motorizada de Acci\u00f3n R\u00e1pida) y UAP (Unidad de Acci\u00f3n Preventiva), adem\u00e1s de integrantes del Ministerio P\u00fablico Fiscal.\u00a0<\/p>\n\n\n\n<p>La medida se llev\u00f3 a cabo en investigaci\u00f3n de los \u00faltimos episodios delictivos registrados en la zona, como robos, asaltos y sustracci\u00f3n de veh\u00edculos.&nbsp;<\/p>\n\n\n\n<p>A la espera del balance oficial del Ministerio de Seguridad,\u00a0el\u00a0<strong>operativo\u00a0<\/strong>dej\u00f3 como resultado a un hombre detenido y el secuestro de una motocicleta.\u00a0<\/p>\n\n\n\n<p>El trabajo de las fuerzas en ese sector\u00a0de\u00a0<strong>Guaymall\u00e9n\u00a0<\/strong>tambi\u00e9n apunt\u00f3 a la b\u00fasqueda de personas con medidas pendientes y se complement\u00f3 con una serie de allanamientos que ya se hab\u00edan hecho el lunes en el mismo lugar.\u00a0<\/p>\n\n\n\n<p><strong>Fuente: www.mdzol.com<\/strong><\/p>\n","protected":false},"excerpt":{"rendered":"<p>Un importante despliegue policial tuvo lugar en la ma\u00f1ana de este viernes en el asentamiento Castro, en el departamento de\u00a0Guaymall\u00e9n.\u00a0 El\u00a0operativo\u00a0demand\u00f3 varias horas e incluy\u00f3 a personal del CEO (Centro Estrat\u00e9gico de Operaciones), de\u00a0la Direcci\u00f3n General de Investigaciones, de la Divisi\u00f3n VANT (Veh\u00edculos A\u00e9reos no Tripulados), de las Fuerzas de Operaciones Especiales (GRIS y GES), [&hellip;]<\/p>\n","protected":false},"author":2,"featured_media":10993,"comment_status":"open","ping_status":"open","sticky":false,"template":"","format":"standard","meta":[],"categories":[48],"tags":[],"_links":{"self":[{"href":"https:\/\/pasaenmendoza.com\/index.php?rest_route=\/wp\/v2\/posts\/10991"}],"collection":[{"href":"https:\/\/pasaenmendoza.com\/index.php?rest_route=\/wp\/v2\/posts"}],"about":[{"href":"https:\/\/pasaenmendoza.com\/index.php?rest_route=\/wp\/v2\/types\/post"}],"author":[{"embeddable":true,"href":"https:\/\/pasaenmendoza.com\/index.php?rest_route=\/wp\/v2\/users\/2"}],"replies":[{"embeddable":true,"href":"https:\/\/pasaenmendoza.com\/index.php?rest_route=%2Fwp%2Fv2%2Fcomments&post=10991"}],"version-history":[{"count":1,"href":"https:\/\/pasaenmendoza.com\/index.php?rest_route=\/wp\/v2\/posts\/10991\/revisions"}],"predecessor-version":[{"id":10994,"href":"https:\/\/pasaenmendoza.com\/index.php?rest_route=\/wp\/v2\/posts\/10991\/revisions\/10994"}],"wp:featuredmedia":[{"embeddable":true,"href":"https:\/\/pasaenmendoza.com\/index.php?rest_route=\/wp\/v2\/media\/10993"}],"wp:attachment":[{"href":"https:\/\/pasaenmendoza.com\/index.php?rest_route=%2Fwp%2Fv2%2Fmedia&parent=10991"}],"wp:term":[{"taxonomy":"category","embeddable":true,"href":"https:\/\/pasaenmendoza.com\/index.php?rest_route=%2Fwp%2Fv2%2Fcategories&post=10991"},{"taxonomy":"post_tag","embeddable":true,"href":"https:\/\/pasaenmendoza.com\/index.php?rest_route=%2Fwp%2Fv2%2Ftags&post=10991"}],"curies":[{"name":"wp","href":"https:\/\/api.w.org\/{rel}","templated":true}]}}