{"id":10999,"date":"2025-01-10T15:09:06","date_gmt":"2025-01-10T14:09:06","guid":{"rendered":"https:\/\/pasaenmendoza.com\/?p=10999"},"modified":"2025-01-10T15:09:06","modified_gmt":"2025-01-10T14:09:06","slug":"robaron-y-faenaron-dos-caballos-en-lujan-los-restos-animales-condujeron-a-un-sospechoso","status":"publish","type":"post","link":"https:\/\/pasaenmendoza.com\/?p=10999","title":{"rendered":"Robaron y faenaron dos caballos en Luj\u00e1n: los restos animales condujeron a un sospechoso"},"content":{"rendered":"\n<p>Efectivos de la&nbsp;<strong>Polic\u00eda Rural&nbsp;<\/strong>detuvieron la ma\u00f1ana de este jueves al presunto autor del&nbsp;<strong>robo de dos caballos<\/strong>&nbsp;en&nbsp;<strong>Luj\u00e1n de Cuyo<\/strong>. Durante el procedimiento, dieron con los restos de los<strong>&nbsp;animales faenados<\/strong>&nbsp;y<strong>&nbsp;plantas de marihuana<\/strong>.<\/p>\n\n\n\n<p>Todo comenz\u00f3 pasadas las 8 cuando un hombre denunci\u00f3 que malvivientes le robaron dos equinos en la&nbsp;<strong>finca Agnello<\/strong>, ubicada a un costado de la&nbsp;<strong>ruta 40<\/strong>, en la localidad de&nbsp;<strong>Anchoris<\/strong>.<\/p>\n\n\n\n<p>De acuerdo con el relato de la v\u00edctima, los animales -un\u00a0<strong>macho zaino\u00a0<\/strong>y una<strong>\u00a0hembra overo casta\u00f1o<\/strong>\u2013 fueron sustra\u00eddos durante la madrugada, pero los ladrones dejaron rastros en el camino de retirada.<\/p>\n\n\n\n<p>De esa forma, los efectivos de la<strong>&nbsp;Polic\u00eda Rural<\/strong>, con apoyo de personal de la&nbsp;<strong>Subcomisar\u00eda El Carrizal<\/strong>, siguieron por unos 20 kil\u00f3metros las huellas, desde la mencionada finca hasta un basural ubicado detr\u00e1s del<strong>&nbsp;barrio Sol de mi Tierra<\/strong>, donde dieron con restos de los animales ya faenados.<\/p>\n\n\n\n<p>As\u00ed, a partir de los rastros de sangre que dejaron, los efectivos llegaron hasta una vivienda del complejo, en la que se encontraron&nbsp;<strong>restos de carne, huesos, pelajes de los caballos<\/strong>&nbsp;y&nbsp;<strong>10 plantas de marihuana&nbsp;<\/strong>de gran tama\u00f1o.<\/p>\n\n\n\n<p>Adem\u00e1s, se logr\u00f3 la aprehensi\u00f3n de un sujeto, identificado como\u00a0<strong>Gast\u00f3n Pereira Cuello\u00a0<\/strong>(28), quien fue trasladado a una dependencia policial, sospechado del delito de\u00a0<strong>abigeato<\/strong>. Asimismo, se le notific\u00f3 a la\u00a0<strong>Justicia Federal<\/strong>\u00a0por los ejemplares de\u00a0<strong>cannabis\u00a0<\/strong>incautados.<\/p>\n\n\n\n<p><strong>Fuente: www.elsol.com.ar<\/strong><\/p>\n","protected":false},"excerpt":{"rendered":"<p>Efectivos de la&nbsp;Polic\u00eda Rural&nbsp;detuvieron la ma\u00f1ana de este jueves al presunto autor del&nbsp;robo de dos caballos&nbsp;en&nbsp;Luj\u00e1n de Cuyo. Durante el procedimiento, dieron con los restos de los&nbsp;animales faenados&nbsp;y&nbsp;plantas de marihuana. Todo comenz\u00f3 pasadas las 8 cuando un hombre denunci\u00f3 que malvivientes le robaron dos equinos en la&nbsp;finca Agnello, ubicada a un costado de la&nbsp;ruta 40, [&hellip;]<\/p>\n","protected":false},"author":2,"featured_media":11000,"comment_status":"open","ping_status":"open","sticky":false,"template":"","format":"standard","meta":[],"categories":[48],"tags":[],"_links":{"self":[{"href":"https:\/\/pasaenmendoza.com\/index.php?rest_route=\/wp\/v2\/posts\/10999"}],"collection":[{"href":"https:\/\/pasaenmendoza.com\/index.php?rest_route=\/wp\/v2\/posts"}],"about":[{"href":"https:\/\/pasaenmendoza.com\/index.php?rest_route=\/wp\/v2\/types\/post"}],"author":[{"embeddable":true,"href":"https:\/\/pasaenmendoza.com\/index.php?rest_route=\/wp\/v2\/users\/2"}],"replies":[{"embeddable":true,"href":"https:\/\/pasaenmendoza.com\/index.php?rest_route=%2Fwp%2Fv2%2Fcomments&post=10999"}],"version-history":[{"count":1,"href":"https:\/\/pasaenmendoza.com\/index.php?rest_route=\/wp\/v2\/posts\/10999\/revisions"}],"predecessor-version":[{"id":11001,"href":"https:\/\/pasaenmendoza.com\/index.php?rest_route=\/wp\/v2\/posts\/10999\/revisions\/11001"}],"wp:featuredmedia":[{"embeddable":true,"href":"https:\/\/pasaenmendoza.com\/index.php?rest_route=\/wp\/v2\/media\/11000"}],"wp:attachment":[{"href":"https:\/\/pasaenmendoza.com\/index.php?rest_route=%2Fwp%2Fv2%2Fmedia&parent=10999"}],"wp:term":[{"taxonomy":"category","embeddable":true,"href":"https:\/\/pasaenmendoza.com\/index.php?rest_route=%2Fwp%2Fv2%2Fcategories&post=10999"},{"taxonomy":"post_tag","embeddable":true,"href":"https:\/\/pasaenmendoza.com\/index.php?rest_route=%2Fwp%2Fv2%2Ftags&post=10999"}],"curies":[{"name":"wp","href":"https:\/\/api.w.org\/{rel}","templated":true}]}}