{"id":1100,"date":"2023-08-31T16:06:25","date_gmt":"2023-08-31T14:06:25","guid":{"rendered":"https:\/\/pasaenmendoza.com\/?p=1100"},"modified":"2023-08-31T16:06:26","modified_gmt":"2023-08-31T14:06:26","slug":"se-incendio-la-clinica-santa-clara-por-una-pava-electrica","status":"publish","type":"post","link":"https:\/\/pasaenmendoza.com\/?p=1100","title":{"rendered":"Se incendi\u00f3 la Cl\u00ednica Santa Clara por una pava el\u00e9ctrica"},"content":{"rendered":"\n<p>A primera hora de la ma\u00f1ana de este jueves, se\u00a0<strong>incendi\u00f3<\/strong>\u00a0la\u00a0<strong>Cl\u00ednica Santa Clara<\/strong>, ubicada en la avenida San Mart\u00edn de Godoy Cruz.<\/p>\n\n\n\n<p>Seg\u00fan las primeras informaciones, eran cerca de las 6 de la ma\u00f1ana cuando ingres\u00f3 un llamado al 911 informando que en la zona de enfermer\u00eda hab\u00eda humo.\u00a0<\/p>\n\n\n\n<p>Al lugar llegaron Bomberos Voluntarios de Godoy Cruz y del Cuartel Central, quienes lograron sofocar el fuego, el cual se hab\u00eda originado en el primer piso, donde tambi\u00e9n se ubica la zona de Maternidad.<\/p>\n\n\n\n<p>El incendio habr\u00eda iniciado por un desperfecto en una pava el\u00e9ctrica. No hubo que lamentar personas lesionadas.<\/p>\n\n\n\n<p><strong>Fuente: www.mendozapost.com<\/strong><\/p>\n","protected":false},"excerpt":{"rendered":"<p>A primera hora de la ma\u00f1ana de este jueves, se\u00a0incendi\u00f3\u00a0la\u00a0Cl\u00ednica Santa Clara, ubicada en la avenida San Mart\u00edn de Godoy Cruz. Seg\u00fan las primeras informaciones, eran cerca de las 6 de la ma\u00f1ana cuando ingres\u00f3 un llamado al 911 informando que en la zona de enfermer\u00eda hab\u00eda humo.\u00a0 Al lugar llegaron Bomberos Voluntarios de Godoy [&hellip;]<\/p>\n","protected":false},"author":2,"featured_media":1102,"comment_status":"open","ping_status":"open","sticky":false,"template":"","format":"standard","meta":[],"categories":[48],"tags":[],"_links":{"self":[{"href":"https:\/\/pasaenmendoza.com\/index.php?rest_route=\/wp\/v2\/posts\/1100"}],"collection":[{"href":"https:\/\/pasaenmendoza.com\/index.php?rest_route=\/wp\/v2\/posts"}],"about":[{"href":"https:\/\/pasaenmendoza.com\/index.php?rest_route=\/wp\/v2\/types\/post"}],"author":[{"embeddable":true,"href":"https:\/\/pasaenmendoza.com\/index.php?rest_route=\/wp\/v2\/users\/2"}],"replies":[{"embeddable":true,"href":"https:\/\/pasaenmendoza.com\/index.php?rest_route=%2Fwp%2Fv2%2Fcomments&post=1100"}],"version-history":[{"count":1,"href":"https:\/\/pasaenmendoza.com\/index.php?rest_route=\/wp\/v2\/posts\/1100\/revisions"}],"predecessor-version":[{"id":1103,"href":"https:\/\/pasaenmendoza.com\/index.php?rest_route=\/wp\/v2\/posts\/1100\/revisions\/1103"}],"wp:featuredmedia":[{"embeddable":true,"href":"https:\/\/pasaenmendoza.com\/index.php?rest_route=\/wp\/v2\/media\/1102"}],"wp:attachment":[{"href":"https:\/\/pasaenmendoza.com\/index.php?rest_route=%2Fwp%2Fv2%2Fmedia&parent=1100"}],"wp:term":[{"taxonomy":"category","embeddable":true,"href":"https:\/\/pasaenmendoza.com\/index.php?rest_route=%2Fwp%2Fv2%2Fcategories&post=1100"},{"taxonomy":"post_tag","embeddable":true,"href":"https:\/\/pasaenmendoza.com\/index.php?rest_route=%2Fwp%2Fv2%2Ftags&post=1100"}],"curies":[{"name":"wp","href":"https:\/\/api.w.org\/{rel}","templated":true}]}}