{"id":11002,"date":"2025-01-10T15:14:56","date_gmt":"2025-01-10T14:14:56","guid":{"rendered":"https:\/\/pasaenmendoza.com\/?p=11002"},"modified":"2025-01-10T15:14:57","modified_gmt":"2025-01-10T14:14:57","slug":"robaron-en-una-conocida-tienda-de-ropa-para-ninos-y-cayeron-a-los-pocos-metros","status":"publish","type":"post","link":"https:\/\/pasaenmendoza.com\/?p=11002","title":{"rendered":"Robaron en una conocida tienda de ropa para ni\u00f1os y cayeron a los pocos metros"},"content":{"rendered":"\n<p>Tres&nbsp;<strong>malvivientes fueron detenidos<\/strong>&nbsp;la madrugada de este jueves luego de robar en una conocida&nbsp;<strong>tienda de ropa para ni\u00f1os<\/strong>, en<strong>&nbsp;Ciudad<\/strong>. Uno de ellos ten\u00eda una medida pendiente con la Justicia local.<\/p>\n\n\n\n<p>El caso tuvo lugar alrededor de las 2.40 cuando ingres\u00f3 a la plataforma\u00a0<strong>Ojos en Alerta\u00a0<\/strong>una denuncia sobre tres sujetos en actitud sospechosa que deambulaban por la zona de\u00a0<strong>avenida San Mart\u00edn y calle General Paz<\/strong>.<\/p>\n\n\n\n<p>Por ese motivo, personal de&nbsp;<strong>Preventores&nbsp;<\/strong>se desplaz\u00f3 hasta ese sector c\u00e9ntrico e interceptaron a los tres individuos, quienes ten\u00edan en su poder varios&nbsp;<strong>plafones LED<\/strong>, los cuales hab\u00edan sustra\u00eddo del local&nbsp;<strong>Bastian y Santino<\/strong>, ubicado en&nbsp;<strong>General Paz 128<\/strong>.<\/p>\n\n\n\n<p>Al identificarlos, constataron que uno de ellos, identificado como\u00a0<strong>Nahuel Agust\u00edn M\u00e9ndez<\/strong>, de 25 a\u00f1os y oriundo de\u00a0<strong>Neuqu\u00e9n<\/strong>, se encontraba en la orden del d\u00eda por una causa de la<strong>\u00a0Unidad Fiscal Correccional<\/strong>, iniciada en 2022.<\/p>\n\n\n\n<p>Por ese motivo, M\u00e9ndez fue alojado en la<strong>\u00a0Comisar\u00eda Sexta<\/strong>, mientras que sus presuntos c\u00f3mplices, individualizados como\u00a0<strong>Ronaldo William Ayala\u00a0<\/strong>(25) y<strong>\u00a0Agust\u00edn Mancilla<\/strong>\u00a0(28), debieron ser trasladados a la\u00a0<strong>Comisar\u00eda 33\u00aa<\/strong>.<\/p>\n\n\n\n<p><strong>Fuente: www.elsol.com.ar<\/strong><\/p>\n","protected":false},"excerpt":{"rendered":"<p>Tres&nbsp;malvivientes fueron detenidos&nbsp;la madrugada de este jueves luego de robar en una conocida&nbsp;tienda de ropa para ni\u00f1os, en&nbsp;Ciudad. Uno de ellos ten\u00eda una medida pendiente con la Justicia local. El caso tuvo lugar alrededor de las 2.40 cuando ingres\u00f3 a la plataforma\u00a0Ojos en Alerta\u00a0una denuncia sobre tres sujetos en actitud sospechosa que deambulaban por la [&hellip;]<\/p>\n","protected":false},"author":2,"featured_media":11003,"comment_status":"open","ping_status":"open","sticky":false,"template":"","format":"standard","meta":[],"categories":[48],"tags":[],"_links":{"self":[{"href":"https:\/\/pasaenmendoza.com\/index.php?rest_route=\/wp\/v2\/posts\/11002"}],"collection":[{"href":"https:\/\/pasaenmendoza.com\/index.php?rest_route=\/wp\/v2\/posts"}],"about":[{"href":"https:\/\/pasaenmendoza.com\/index.php?rest_route=\/wp\/v2\/types\/post"}],"author":[{"embeddable":true,"href":"https:\/\/pasaenmendoza.com\/index.php?rest_route=\/wp\/v2\/users\/2"}],"replies":[{"embeddable":true,"href":"https:\/\/pasaenmendoza.com\/index.php?rest_route=%2Fwp%2Fv2%2Fcomments&post=11002"}],"version-history":[{"count":1,"href":"https:\/\/pasaenmendoza.com\/index.php?rest_route=\/wp\/v2\/posts\/11002\/revisions"}],"predecessor-version":[{"id":11004,"href":"https:\/\/pasaenmendoza.com\/index.php?rest_route=\/wp\/v2\/posts\/11002\/revisions\/11004"}],"wp:featuredmedia":[{"embeddable":true,"href":"https:\/\/pasaenmendoza.com\/index.php?rest_route=\/wp\/v2\/media\/11003"}],"wp:attachment":[{"href":"https:\/\/pasaenmendoza.com\/index.php?rest_route=%2Fwp%2Fv2%2Fmedia&parent=11002"}],"wp:term":[{"taxonomy":"category","embeddable":true,"href":"https:\/\/pasaenmendoza.com\/index.php?rest_route=%2Fwp%2Fv2%2Fcategories&post=11002"},{"taxonomy":"post_tag","embeddable":true,"href":"https:\/\/pasaenmendoza.com\/index.php?rest_route=%2Fwp%2Fv2%2Ftags&post=11002"}],"curies":[{"name":"wp","href":"https:\/\/api.w.org\/{rel}","templated":true}]}}