{"id":11005,"date":"2025-01-13T13:47:48","date_gmt":"2025-01-13T12:47:48","guid":{"rendered":"https:\/\/pasaenmendoza.com\/?p=11005"},"modified":"2025-01-13T13:47:49","modified_gmt":"2025-01-13T12:47:49","slug":"alerta-por-calor-y-tormentas-en-mendoza-las-zonas-afectadas","status":"publish","type":"post","link":"https:\/\/pasaenmendoza.com\/?p=11005","title":{"rendered":"Alerta por calor y tormentas en Mendoza: las zonas afectadas"},"content":{"rendered":"\n<p>El&nbsp;<strong>Servicio Meteorol\u00f3gico Nacional<\/strong>&nbsp;emiti\u00f3 un alerta amarillo para distintas zonas de la provincia de Mendoza por dos fen\u00f3menos: una&nbsp;<strong>ola de calor<\/strong>&nbsp;que ser\u00e1 intensa y otra por tormentas.<\/p>\n\n\n\n<p>En concreto, la\u00a0<strong>temperatura\u00a0<\/strong>m\u00e1xima para este lunes ser\u00e1 de 34 grados y la m\u00ednima de 20. Seg\u00fan el organismo nacional se espera que el calor se haga presente durante toda la semana con temperaturas que en el centro del pa\u00eds puedan registrar m\u00e1s de 40 grados. Mendoza no estar\u00e1 excenta a esa realidad y es por eso que el alerta de este lunes involucrar\u00e1 a las zonas del Este, Sur y\u00a0<strong>Gran Mendoza.<\/strong><\/p>\n\n\n\n<p>Por su parte, se esperan tormentas para la tarde noche de este lunes. Una de las zonas afectadas es la de la cordillera de&nbsp;<strong>San Carlos&nbsp;<\/strong>y Tunuy\u00e1n. Tambi\u00e9n se ver\u00e1 involcrada la zona de Las Heras y la precordillera de Luj\u00e1n de Cuyo.<\/p>\n\n\n\n<p>El alerta por tormentas se extender\u00e1, al menos, hasta el d\u00eda martes.<\/p>\n\n\n\n<p><strong>Fuente: www.elsol.com.ar<\/strong><\/p>\n","protected":false},"excerpt":{"rendered":"<p>El&nbsp;Servicio Meteorol\u00f3gico Nacional&nbsp;emiti\u00f3 un alerta amarillo para distintas zonas de la provincia de Mendoza por dos fen\u00f3menos: una&nbsp;ola de calor&nbsp;que ser\u00e1 intensa y otra por tormentas. En concreto, la\u00a0temperatura\u00a0m\u00e1xima para este lunes ser\u00e1 de 34 grados y la m\u00ednima de 20. Seg\u00fan el organismo nacional se espera que el calor se haga presente durante toda [&hellip;]<\/p>\n","protected":false},"author":2,"featured_media":11006,"comment_status":"open","ping_status":"open","sticky":false,"template":"","format":"standard","meta":[],"categories":[52],"tags":[],"_links":{"self":[{"href":"https:\/\/pasaenmendoza.com\/index.php?rest_route=\/wp\/v2\/posts\/11005"}],"collection":[{"href":"https:\/\/pasaenmendoza.com\/index.php?rest_route=\/wp\/v2\/posts"}],"about":[{"href":"https:\/\/pasaenmendoza.com\/index.php?rest_route=\/wp\/v2\/types\/post"}],"author":[{"embeddable":true,"href":"https:\/\/pasaenmendoza.com\/index.php?rest_route=\/wp\/v2\/users\/2"}],"replies":[{"embeddable":true,"href":"https:\/\/pasaenmendoza.com\/index.php?rest_route=%2Fwp%2Fv2%2Fcomments&post=11005"}],"version-history":[{"count":1,"href":"https:\/\/pasaenmendoza.com\/index.php?rest_route=\/wp\/v2\/posts\/11005\/revisions"}],"predecessor-version":[{"id":11007,"href":"https:\/\/pasaenmendoza.com\/index.php?rest_route=\/wp\/v2\/posts\/11005\/revisions\/11007"}],"wp:featuredmedia":[{"embeddable":true,"href":"https:\/\/pasaenmendoza.com\/index.php?rest_route=\/wp\/v2\/media\/11006"}],"wp:attachment":[{"href":"https:\/\/pasaenmendoza.com\/index.php?rest_route=%2Fwp%2Fv2%2Fmedia&parent=11005"}],"wp:term":[{"taxonomy":"category","embeddable":true,"href":"https:\/\/pasaenmendoza.com\/index.php?rest_route=%2Fwp%2Fv2%2Fcategories&post=11005"},{"taxonomy":"post_tag","embeddable":true,"href":"https:\/\/pasaenmendoza.com\/index.php?rest_route=%2Fwp%2Fv2%2Ftags&post=11005"}],"curies":[{"name":"wp","href":"https:\/\/api.w.org\/{rel}","templated":true}]}}