{"id":1101,"date":"2023-08-31T16:18:25","date_gmt":"2023-08-31T14:18:25","guid":{"rendered":"https:\/\/pasaenmendoza.com\/?p=1101"},"modified":"2023-08-31T16:22:23","modified_gmt":"2023-08-31T14:22:23","slug":"los-estatales-en-mendoza-cobran-este-jueves-el-aumento-del-14-que-se-acordo-en-paritarias","status":"publish","type":"post","link":"https:\/\/pasaenmendoza.com\/?p=1101","title":{"rendered":"Los estatales en Mendoza cobran hoy el aumento del 14% que se acord\u00f3 en paritarias"},"content":{"rendered":"\n<p>Tras el acuerdo alcanzado en paritarias 2023, entre el Gobierno provincial y los representantes gremiales de los 18 sectores de la Administraci\u00f3n P\u00fablica,<strong>\u00a0los empleados p\u00fablicos tendr\u00e1n depositado hoy jueves el sueldo de agosto con un incremento del 14%\u00a0<\/strong>y a\u00fan restan los aumentos de septiembre, 8 % y octubre, 8 %.<\/p>\n\n\n\n<p>Adem\u00e1s&nbsp;<strong>el Gobierno provincial pagar\u00e1 una suma fija no remunerativa de $60.000 para los empleados estatales,<\/strong>&nbsp;en una \u00fanica cuota, el 14 de septiembre. Adem\u00e1s, se invit\u00f3 a los municipios a adherirse a la medida.<\/p>\n\n\n\n<p>Hoy jueves 31 de agosto, los agentes estatales de\u00a0<strong>Mendoza cobrar\u00e1n sus haberes con 14% de incremento,\u00a0<\/strong>producto del acuerdo paritario al que se arrib\u00f3 con los representantes sindicales.<\/p>\n\n\n\n<p>El aumento escalonado para los trabajadores de la Administraci\u00f3n P\u00fablica estuvo marcado con los siguientes porcentajes a la fecha: junio: 10,5%, julio: 8%, agosto: 14%, septiembre: 8% y octubre: 8 %.<\/p>\n\n\n\n<p>Desde el Gobierno de Mendoza recordaron que &#8220;es importante tambi\u00e9n hacer hincapi\u00e9 en que la actual propuesta implica una variaci\u00f3n para el per\u00edodo enero-octubre 2023, superior al 90%, considerando los incrementos sectoriales acordados a comienzos de a\u00f1o y quedando a\u00fan pendientes los incrementos de noviembre y diciembre del a\u00f1o en curso&#8221;.<\/p>\n\n\n\n<p>Asimismo, se destaca que se encuentra acordada la<strong>&nbsp;mesa de revisi\u00f3n para octubre,<\/strong>&nbsp;en la que se definir\u00e1n nuevos aumentos en funci\u00f3n de la evoluci\u00f3n del \u00edndice de precios y de la recaudaci\u00f3n provincial.<\/p>\n\n\n\n<p><strong>Fuente: www.diariouno.com.ar<\/strong><\/p>\n","protected":false},"excerpt":{"rendered":"<p>Tras el acuerdo alcanzado en paritarias 2023, entre el Gobierno provincial y los representantes gremiales de los 18 sectores de la Administraci\u00f3n P\u00fablica,\u00a0los empleados p\u00fablicos tendr\u00e1n depositado hoy jueves el sueldo de agosto con un incremento del 14%\u00a0y a\u00fan restan los aumentos de septiembre, 8 % y octubre, 8 %. Adem\u00e1s&nbsp;el Gobierno provincial pagar\u00e1 una [&hellip;]<\/p>\n","protected":false},"author":2,"featured_media":1104,"comment_status":"open","ping_status":"open","sticky":false,"template":"","format":"standard","meta":[],"categories":[55],"tags":[],"_links":{"self":[{"href":"https:\/\/pasaenmendoza.com\/index.php?rest_route=\/wp\/v2\/posts\/1101"}],"collection":[{"href":"https:\/\/pasaenmendoza.com\/index.php?rest_route=\/wp\/v2\/posts"}],"about":[{"href":"https:\/\/pasaenmendoza.com\/index.php?rest_route=\/wp\/v2\/types\/post"}],"author":[{"embeddable":true,"href":"https:\/\/pasaenmendoza.com\/index.php?rest_route=\/wp\/v2\/users\/2"}],"replies":[{"embeddable":true,"href":"https:\/\/pasaenmendoza.com\/index.php?rest_route=%2Fwp%2Fv2%2Fcomments&post=1101"}],"version-history":[{"count":2,"href":"https:\/\/pasaenmendoza.com\/index.php?rest_route=\/wp\/v2\/posts\/1101\/revisions"}],"predecessor-version":[{"id":1108,"href":"https:\/\/pasaenmendoza.com\/index.php?rest_route=\/wp\/v2\/posts\/1101\/revisions\/1108"}],"wp:featuredmedia":[{"embeddable":true,"href":"https:\/\/pasaenmendoza.com\/index.php?rest_route=\/wp\/v2\/media\/1104"}],"wp:attachment":[{"href":"https:\/\/pasaenmendoza.com\/index.php?rest_route=%2Fwp%2Fv2%2Fmedia&parent=1101"}],"wp:term":[{"taxonomy":"category","embeddable":true,"href":"https:\/\/pasaenmendoza.com\/index.php?rest_route=%2Fwp%2Fv2%2Fcategories&post=1101"},{"taxonomy":"post_tag","embeddable":true,"href":"https:\/\/pasaenmendoza.com\/index.php?rest_route=%2Fwp%2Fv2%2Ftags&post=1101"}],"curies":[{"name":"wp","href":"https:\/\/api.w.org\/{rel}","templated":true}]}}