{"id":11011,"date":"2025-01-13T14:13:08","date_gmt":"2025-01-13T13:13:08","guid":{"rendered":"https:\/\/pasaenmendoza.com\/?p=11011"},"modified":"2025-01-13T14:13:09","modified_gmt":"2025-01-13T13:13:09","slug":"atencion-mendocinos-que-viajan-a-chile-hay-alerta-por-tormentas-electricas-en-alta-montana","status":"publish","type":"post","link":"https:\/\/pasaenmendoza.com\/?p=11011","title":{"rendered":"Atenci\u00f3n mendocinos que viajan a Chile: hay alerta por tormentas el\u00e9ctricas en alta monta\u00f1a"},"content":{"rendered":"\n<p>El<strong>&nbsp;calor&nbsp;<\/strong>lleg\u00f3 para quedarse en&nbsp;<strong>Mendoza<\/strong>&nbsp;y se prev\u00e9 que continuar\u00e1 a lo largo de toda la semana, con m\u00e1ximas que rondar\u00e1n los 35 y 37 grados en el Gran Mendoza. Sin embargo, este&nbsp;<strong>lunes<\/strong>, el mayor inconveniente se presentar\u00e1 en&nbsp;<strong>alta monta\u00f1a&nbsp;<\/strong>donde se prev\u00e9n&nbsp;<strong>tormentas que ir\u00e1n de intensidad moderada a fuerte.<\/strong><\/p>\n\n\n\n<p>De acuerdo con el reporte de los especialistas,\u00a0<strong>el fen\u00f3meno se registrar\u00e1 en horas de la tarde<\/strong>\u00a0<strong>noche<\/strong>\u00a0y no s\u00f3lo ser\u00e1n precipitaciones, sino que hay\u00a0<strong>altas probabilidades de tormentas el\u00e9ctricas y posible ca\u00edda de granizo.<\/strong><\/p>\n\n\n\n<p>Son muchos los mendocinos que, para evitar demoras en el complejo Los Libertadores, deciden viajar en horas de la tarde, por lo que la recomendaci\u00f3n para los viajantes es que se informen a trav\u00e9s de organismos oficiales sobre el estado del tiempo y la rutas, para evitar inconvenientes y transitar con la mayor seguridad posible.<\/p>\n\n\n\n<p>Ante este pron\u00f3stico, las autoridades del Sistema Integrado Cristo Redentor aseguraron que\u00a0<strong>no est\u00e1 en estudio<\/strong>\u00a0un posible cierre del Paso a Chile por las tormentas.<\/p>\n\n\n\n<p><strong>Fuente: www.elsol.com.ar<\/strong><\/p>\n","protected":false},"excerpt":{"rendered":"<p>El&nbsp;calor&nbsp;lleg\u00f3 para quedarse en&nbsp;Mendoza&nbsp;y se prev\u00e9 que continuar\u00e1 a lo largo de toda la semana, con m\u00e1ximas que rondar\u00e1n los 35 y 37 grados en el Gran Mendoza. Sin embargo, este&nbsp;lunes, el mayor inconveniente se presentar\u00e1 en&nbsp;alta monta\u00f1a&nbsp;donde se prev\u00e9n&nbsp;tormentas que ir\u00e1n de intensidad moderada a fuerte. De acuerdo con el reporte de los especialistas,\u00a0el [&hellip;]<\/p>\n","protected":false},"author":2,"featured_media":11012,"comment_status":"open","ping_status":"open","sticky":false,"template":"","format":"standard","meta":[],"categories":[46,66],"tags":[],"_links":{"self":[{"href":"https:\/\/pasaenmendoza.com\/index.php?rest_route=\/wp\/v2\/posts\/11011"}],"collection":[{"href":"https:\/\/pasaenmendoza.com\/index.php?rest_route=\/wp\/v2\/posts"}],"about":[{"href":"https:\/\/pasaenmendoza.com\/index.php?rest_route=\/wp\/v2\/types\/post"}],"author":[{"embeddable":true,"href":"https:\/\/pasaenmendoza.com\/index.php?rest_route=\/wp\/v2\/users\/2"}],"replies":[{"embeddable":true,"href":"https:\/\/pasaenmendoza.com\/index.php?rest_route=%2Fwp%2Fv2%2Fcomments&post=11011"}],"version-history":[{"count":1,"href":"https:\/\/pasaenmendoza.com\/index.php?rest_route=\/wp\/v2\/posts\/11011\/revisions"}],"predecessor-version":[{"id":11013,"href":"https:\/\/pasaenmendoza.com\/index.php?rest_route=\/wp\/v2\/posts\/11011\/revisions\/11013"}],"wp:featuredmedia":[{"embeddable":true,"href":"https:\/\/pasaenmendoza.com\/index.php?rest_route=\/wp\/v2\/media\/11012"}],"wp:attachment":[{"href":"https:\/\/pasaenmendoza.com\/index.php?rest_route=%2Fwp%2Fv2%2Fmedia&parent=11011"}],"wp:term":[{"taxonomy":"category","embeddable":true,"href":"https:\/\/pasaenmendoza.com\/index.php?rest_route=%2Fwp%2Fv2%2Fcategories&post=11011"},{"taxonomy":"post_tag","embeddable":true,"href":"https:\/\/pasaenmendoza.com\/index.php?rest_route=%2Fwp%2Fv2%2Ftags&post=11011"}],"curies":[{"name":"wp","href":"https:\/\/api.w.org\/{rel}","templated":true}]}}