{"id":11015,"date":"2025-01-13T21:39:49","date_gmt":"2025-01-13T20:39:49","guid":{"rendered":"https:\/\/pasaenmendoza.com\/?p=11015"},"modified":"2025-01-13T21:39:50","modified_gmt":"2025-01-13T20:39:50","slug":"tres-choferes-manejaban-drogados-con-cocaina-y-metanfetaminas-en-el-camino-a-chile","status":"publish","type":"post","link":"https:\/\/pasaenmendoza.com\/?p=11015","title":{"rendered":"Tres choferes manejaban drogados con coca\u00edna y metanfetaminas en el camino a Chile"},"content":{"rendered":"\n<p>Tres choferes conduc\u00edan bajo los efectos de las\u00a0<strong>drogas\u00a0<\/strong>en\u00a0el camino que conecta a Mendoza con\u00a0<strong>Chile<\/strong>, seg\u00fan pudo saberse tras un operativo que hicieron las autoridades trasandinas en el marco del Plan Verano Seguro 2025.<\/p>\n\n\n\n<p>La medida, liderada por la Seremia de Transportes Regi\u00f3n Valpara\u00edso junto a la Delegaci\u00f3n Presidencial, Senda y Carabineros, deriv\u00f3 en la detenci\u00f3n de\u00a0<strong>3 conductores<\/strong>\u00a0que iban\u00a0<strong>drogados<\/strong>\u00a0con metanfetaminas y coca\u00edna, informaron colegas del vecino pa\u00eds.<\/p>\n\n\n\n<p>Asimismo, otros dos conductores fueron sorprendidos con la documentaci\u00f3n fuera de norma y otro iba al frente de un cami\u00f3n con patente de Chile pero&nbsp;<strong>sin licencia<\/strong>&nbsp;de all\u00e1.<\/p>\n\n\n\n<p>En total, se control\u00f3 a&nbsp;<strong>113 veh\u00edculos<\/strong>, con 17 narcotests y 96 alcotests. A ambos lados de la cordillera se insiste en la importancia de conducir con&nbsp;<strong>m\u00e1xima precauci\u00f3n<\/strong>&nbsp;y sin ning\u00fan tipo de ingesta que complique el manejo.<\/p>\n\n\n\n<h2 class=\"wp-block-heading\">Del lado argentino tambi\u00e9n hay choferes intoxicados<\/h2>\n\n\n\n<p>En di\u00e1logo con&nbsp;<em>Canal 7<\/em>, el referente de la Guardia Urbana Municipal de Las Heras Pablo Tijeras revel\u00f3 que del lado argentino tambi\u00e9n se ha detectado a &#8220;unos cuantos&#8221;&nbsp;<strong>conductores profesionales intoxicados<\/strong>.<\/p>\n\n\n\n<p>&#8220;Tuvimos\u00a0<strong>alcoholemias positivas<\/strong>\u00a0en transportes de cargas, un argentino y dos extranjeros&#8221;, sum\u00f3, aunque aclar\u00f3 que por la cantidad de controles el consumo de sustancias &#8220;ha disminuido&#8221;.<\/p>\n\n\n\n<p>Tijeras continu\u00f3: &#8220;S\u00ed notamos que el&nbsp;<strong>turista<\/strong>&nbsp;que viene de Chile no est\u00e1 tomando en cuenta la normativa argentina. M\u00e1s de una vez viene con la licencia vencida o sin seguros&#8221;.<\/p>\n\n\n\n<p>Coment\u00f3 adem\u00e1s una situaci\u00f3n particular: la que se da con los choferes que viajan desde pa\u00edses lim\u00edtrofes mascando&nbsp;<strong>hojas de coca<\/strong>, lo que puede hacer que los tests de coca\u00edna les den positivo.<\/p>\n\n\n\n<p>&#8220;Habr\u00eda que\u00a0<strong>reformular el testeo<\/strong>\u00a0-propuso-, porque numerosos conductores van coqueando para mantenerse despiertos. A veces los vemos pasar cuatro o cinco veces en la misma semana, porque tienen horarios muy exigentes y no siempre se les garantiza el descanso por parte de las empresas. El 90% de los transportistas y muchos turistas lo hacen, a esto de\u00a0<strong>mascar coca<\/strong>. Y no est\u00e1 prohibido en nuestro pa\u00eds&#8221;.<\/p>\n\n\n\n<p><strong>Fuente: www.diariouno.com.ar<\/strong><\/p>\n","protected":false},"excerpt":{"rendered":"<p>Tres choferes conduc\u00edan bajo los efectos de las\u00a0drogas\u00a0en\u00a0el camino que conecta a Mendoza con\u00a0Chile, seg\u00fan pudo saberse tras un operativo que hicieron las autoridades trasandinas en el marco del Plan Verano Seguro 2025. La medida, liderada por la Seremia de Transportes Regi\u00f3n Valpara\u00edso junto a la Delegaci\u00f3n Presidencial, Senda y Carabineros, deriv\u00f3 en la detenci\u00f3n [&hellip;]<\/p>\n","protected":false},"author":2,"featured_media":11016,"comment_status":"open","ping_status":"open","sticky":false,"template":"","format":"standard","meta":[],"categories":[48],"tags":[],"_links":{"self":[{"href":"https:\/\/pasaenmendoza.com\/index.php?rest_route=\/wp\/v2\/posts\/11015"}],"collection":[{"href":"https:\/\/pasaenmendoza.com\/index.php?rest_route=\/wp\/v2\/posts"}],"about":[{"href":"https:\/\/pasaenmendoza.com\/index.php?rest_route=\/wp\/v2\/types\/post"}],"author":[{"embeddable":true,"href":"https:\/\/pasaenmendoza.com\/index.php?rest_route=\/wp\/v2\/users\/2"}],"replies":[{"embeddable":true,"href":"https:\/\/pasaenmendoza.com\/index.php?rest_route=%2Fwp%2Fv2%2Fcomments&post=11015"}],"version-history":[{"count":1,"href":"https:\/\/pasaenmendoza.com\/index.php?rest_route=\/wp\/v2\/posts\/11015\/revisions"}],"predecessor-version":[{"id":11017,"href":"https:\/\/pasaenmendoza.com\/index.php?rest_route=\/wp\/v2\/posts\/11015\/revisions\/11017"}],"wp:featuredmedia":[{"embeddable":true,"href":"https:\/\/pasaenmendoza.com\/index.php?rest_route=\/wp\/v2\/media\/11016"}],"wp:attachment":[{"href":"https:\/\/pasaenmendoza.com\/index.php?rest_route=%2Fwp%2Fv2%2Fmedia&parent=11015"}],"wp:term":[{"taxonomy":"category","embeddable":true,"href":"https:\/\/pasaenmendoza.com\/index.php?rest_route=%2Fwp%2Fv2%2Fcategories&post=11015"},{"taxonomy":"post_tag","embeddable":true,"href":"https:\/\/pasaenmendoza.com\/index.php?rest_route=%2Fwp%2Fv2%2Ftags&post=11015"}],"curies":[{"name":"wp","href":"https:\/\/api.w.org\/{rel}","templated":true}]}}