{"id":11025,"date":"2025-01-13T22:59:49","date_gmt":"2025-01-13T21:59:49","guid":{"rendered":"https:\/\/pasaenmendoza.com\/?p=11025"},"modified":"2025-01-13T22:59:50","modified_gmt":"2025-01-13T21:59:50","slug":"alfredo-cornejo-admitio-que-una-alianza-electoral-con-javier-milei-es-posible","status":"publish","type":"post","link":"https:\/\/pasaenmendoza.com\/?p=11025","title":{"rendered":"Alfredo Cornejo admiti\u00f3 que una alianza electoral con Javier Milei es posible"},"content":{"rendered":"\n<p>El gobernador de Mendoza,<strong>\u00a0Alfredo Cornejo<\/strong>, fue entrevistado este fin de semana por los medios nacionales Infobae y La Naci\u00f3n. En ambas entrevistas, en las que abord\u00f3 muchos temas relacionados con la pol\u00edtica nacional, admiti\u00f3 que es posible una alianza entre el sector radical al que \u00e9l representa y La Libertad Avanza. Esto es con miras a las elecciones legislativas que se celebrar\u00e1n este a\u00f1o.<\/p>\n\n\n\n<p><strong>Cornejo\u00a0<\/strong>fue consultado sobre la convocatoria lanzada por el presidente\u00a0<strong>Javier Milei<\/strong>\u00a0para que todos los sectores con lineamientos generales parecidos se unan en un frente con el objetivo de derrotar al kirchnerismo.\u00a0Dijo que no hay una decisi\u00f3n tomada a\u00fan pero se manifest\u00f3 predispuesto.<\/p>\n\n\n\n<p>Adem\u00e1s, el mandatario cuestion\u00f3 a la conducci\u00f3n nacional del&nbsp;<strong>radicalismo<\/strong>, encabezada por Mart\u00edn Lousteau, por no advertir que los votantes apoyan lo que \u00e9l entiende que es el impulso econ\u00f3mico que le ha dado al pa\u00eds la gesti\u00f3n actual del gobierno nacional.<\/p>\n\n\n\n<h2 class=\"wp-block-heading\">Cornejo y el acuerdo entre La Libertad Avanza, el PRO y el radicalismo<\/h2>\n\n\n\n<p>&#8220;Alfredo Cornejo: &#8216;Hoy no analizo una\u00a0<strong>alianza con Javier Milei<\/strong>, pero no la descarto'&#8221;, fue el t\u00edtulo de la nota de La Naci\u00f3n. Infobae, por su parte, tambi\u00e9n apel\u00f3 a una frase textual: &#8220;<strong>Alfredo Cornejo<\/strong>: &#8216;Los argentinos que queremos un cambio tenemos que estar todos del mismo lado, no nos sobra nadie'&#8221;.<\/p>\n\n\n\n<p>Algunos de los conceptos m\u00e1s destacados que dej\u00f3 Cornejo en las notas de referencia son los que siguen:<\/p>\n\n\n\n<ul>\n<li>\u201cEl gobierno deber\u00eda ser el primer interesado en&nbsp;<strong>unificar la oferta electoral<\/strong>&nbsp;y simplificarle la elecci\u00f3n a sus votantes\u201d.<a class=\"\" href=\"https:\/\/www.infobae.com\/reportajes\/2025\/01\/12\/eduardo-blanco-siento-que-como-sociedad-tenemos-un-espiritu-fachista-de-pensamiento-unico\/\" target=\"_blank\" rel=\"noreferrer noopener\"><\/a><\/li>\n\n\n\n<li>\u201cLos argentinos que queremos un cambio tenemos que tratar de estar todos&nbsp;<strong>del mismo lado<\/strong>. No nos sobra nadie\u201d.<\/li>\n\n\n\n<li>&#8220;El pa\u00eds podr\u00eda retroceder si el gobierno no gana las&nbsp;<strong>elecciones<\/strong>\u201d.<\/li>\n\n\n\n<li>\u201cLa conducci\u00f3n actual de la UCR no puede ignorar que los&nbsp;<strong>radicales<\/strong>&nbsp;est\u00e1n apoyando este cambio de rumbo\u201d<\/li>\n\n\n\n<li>&#8220;A m\u00ed me interesa que el gobierno nacional tenga un espaldarazo en estos incipientes&nbsp;<strong>logros econ\u00f3micos<\/strong>. En Mendoza, en particular, tenemos que hacer lo que sea m\u00e1s conveniente a la administraci\u00f3n mendocina, pero tambi\u00e9n que sea conveniente al pa\u00eds, lo que sea arm\u00f3nico. Si es arm\u00f3nico hacer un acuerdo en beneficio para los dos, con todo gusto estoy&#8221;.<\/li>\n\n\n\n<li>&#8220;Los argentinos que queremos que haya un cambio en la&nbsp;<strong>econom\u00eda&nbsp;<\/strong>para que haya un cambio en la sociedad, para que se reduzca la pobreza, tenemos que tratar de estar todos del mismo lado. As\u00ed que creo que hay que trabajar en esa direcci\u00f3n. Repito: no nos sobra a nadie&#8221;.<\/li>\n\n\n\n<li>&#8220;La provincia de Buenos Aires es donde el kirchnerismo tiene m\u00e1s apoyo. La provincia de Buenos Aires es la provincia m\u00e1s grande y pr\u00e1cticamente define las&nbsp;<strong>elecciones<\/strong>&nbsp;nacionales. No estar\u00eda bueno para esta etapa del gobierno nacional tener una derrota all\u00ed&#8221;<\/li>\n\n\n\n<li>&#8220;La educaci\u00f3n p\u00fablica, la salud p\u00fablica, la seguridad y la administraci\u00f3n de justicia son cuatro funciones sustantivas y b\u00e1sicamente estatales. De ninguna manera ah\u00ed se puede destruir el Estado. Al contrario, hay que fortalecerlo&#8221;<\/li>\n\n\n\n<li><strong>&#8220;Sin dudas, hay dos radicalismos.<\/strong>&nbsp;Uno tiene una opini\u00f3n muy negativa del Gobierno y lo que se est\u00e1 haciendo en materia econ\u00f3mica. Y el otro muestra una mirada positiva respecto de lo que se est\u00e1 haciendo. Los primeros conducen el comit\u00e9 nacional, porque ganaron el plenario. Y con lo cual tienen la vocer\u00eda del radicalismo. Los segundos tenemos una coordinaci\u00f3n con el gobierno nacional -con altibajos- y somos mayor\u00eda en los bloques de diputados y senadores&#8221;.<\/li>\n\n\n\n<li>&#8220;Yo creo que el radicalismo tiene que procurar que el Gobierno no tenga reveses electorales, pero tambi\u00e9n el Presidente debe hacer su parte. Es decir, debe buscar consensos para las reformas que se vienen. Ahora eso, de un lado y del otro, est\u00e1 en una zona gris. Con lo cual no s\u00e9 c\u00f3mo va a actuar el&nbsp;<strong>radicalismo&nbsp;<\/strong>y tampoco el gobierno.<\/li>\n\n\n\n<li>&#8220;Hoy no analizo una\u00a0<strong>alianza<\/strong>\u00a0pero no la descarto. Hay coincidencias como para ir juntos y hay algunas diferencias como para no hacerlo. Est\u00e1n abiertas las dos respuestas. Con lo cual habr\u00eda que hacer una ronda de consultas y despu\u00e9s de eso tomar una decisi\u00f3n&#8221;.<\/li>\n<\/ul>\n\n\n\n<p><strong>Fuente: www.diariouno.com.ar<\/strong><\/p>\n","protected":false},"excerpt":{"rendered":"<p>El gobernador de Mendoza,\u00a0Alfredo Cornejo, fue entrevistado este fin de semana por los medios nacionales Infobae y La Naci\u00f3n. En ambas entrevistas, en las que abord\u00f3 muchos temas relacionados con la pol\u00edtica nacional, admiti\u00f3 que es posible una alianza entre el sector radical al que \u00e9l representa y La Libertad Avanza. Esto es con miras [&hellip;]<\/p>\n","protected":false},"author":2,"featured_media":11026,"comment_status":"open","ping_status":"open","sticky":false,"template":"","format":"standard","meta":[],"categories":[47],"tags":[],"_links":{"self":[{"href":"https:\/\/pasaenmendoza.com\/index.php?rest_route=\/wp\/v2\/posts\/11025"}],"collection":[{"href":"https:\/\/pasaenmendoza.com\/index.php?rest_route=\/wp\/v2\/posts"}],"about":[{"href":"https:\/\/pasaenmendoza.com\/index.php?rest_route=\/wp\/v2\/types\/post"}],"author":[{"embeddable":true,"href":"https:\/\/pasaenmendoza.com\/index.php?rest_route=\/wp\/v2\/users\/2"}],"replies":[{"embeddable":true,"href":"https:\/\/pasaenmendoza.com\/index.php?rest_route=%2Fwp%2Fv2%2Fcomments&post=11025"}],"version-history":[{"count":1,"href":"https:\/\/pasaenmendoza.com\/index.php?rest_route=\/wp\/v2\/posts\/11025\/revisions"}],"predecessor-version":[{"id":11027,"href":"https:\/\/pasaenmendoza.com\/index.php?rest_route=\/wp\/v2\/posts\/11025\/revisions\/11027"}],"wp:featuredmedia":[{"embeddable":true,"href":"https:\/\/pasaenmendoza.com\/index.php?rest_route=\/wp\/v2\/media\/11026"}],"wp:attachment":[{"href":"https:\/\/pasaenmendoza.com\/index.php?rest_route=%2Fwp%2Fv2%2Fmedia&parent=11025"}],"wp:term":[{"taxonomy":"category","embeddable":true,"href":"https:\/\/pasaenmendoza.com\/index.php?rest_route=%2Fwp%2Fv2%2Fcategories&post=11025"},{"taxonomy":"post_tag","embeddable":true,"href":"https:\/\/pasaenmendoza.com\/index.php?rest_route=%2Fwp%2Fv2%2Ftags&post=11025"}],"curies":[{"name":"wp","href":"https:\/\/api.w.org\/{rel}","templated":true}]}}