{"id":11032,"date":"2025-01-14T13:33:25","date_gmt":"2025-01-14T12:33:25","guid":{"rendered":"https:\/\/pasaenmendoza.com\/?p=11032"},"modified":"2025-01-14T13:33:26","modified_gmt":"2025-01-14T12:33:26","slug":"el-tiempo-en-mendoza-un-martes-infernal-y-con-alerta-para-el-paso-a-chile","status":"publish","type":"post","link":"https:\/\/pasaenmendoza.com\/?p=11032","title":{"rendered":"El tiempo en Mendoza: un martes infernal y con alerta para el paso a Chile"},"content":{"rendered":"\n<p>La temperatura m\u00e1xima para este martes alcanzar\u00e1 los 37 grados cent\u00edgrados, mientras que la m\u00ednima ser\u00e1 de unos 20 grados cent\u00edgrados.<\/p>\n\n\n\n<p>El pron\u00f3stico de la Direcci\u00f3n de Contingencias Clim\u00e1ticas adelant\u00f3 que estar\u00e1 \u201cmuy caluroso y algo nublado, vientos moderados del noreste\u201d.<\/p>\n\n\n\n<p>Habr\u00e1 \u201cprecipitaciones en cordillera\u201d, por lo que se sugiere precauci\u00f3n para quienes tienen pensado cruzar hacia Chile o volver a Mendoza.<\/p>\n\n\n\n<p>Alerta en la alta monta\u00f1a<\/p>\n\n\n\n<p>El Servicio Meteorol\u00f3gico Nacional lanz\u00f3 un alerta en nivel amarillo para la precordillera de Las Heras y la precordillera de Luj\u00e1n de Cuyo hacia la tarde del martes.<\/p>\n\n\n\n<p>Esto implica que el \u00e1rea ser\u00e1 afectada por \u201ctormentas aisladas, algunas localmente fuertes. Las mismas estar\u00e1n acompa\u00f1adas por abundantes lluvias en cortos per\u00edodos, actividad el\u00e9ctrica intensa, granizo y r\u00e1fagas que podr\u00edan superar los 60 kil\u00f3metros por hora. Se prev\u00e9n valores de precipitaci\u00f3n acumulada entre 20 y 45 mil\u00edmetros, que pueden ser superados de forma puntual\u201d.<\/p>\n\n\n\n<p>En zonas de monta\u00f1a, la precipitaci\u00f3n podr\u00eda contener granizo y\/o nieve mezclada, a\u00f1adi\u00f3 el organismo nacional.<\/p>\n\n\n\n<p><strong>Fuente: www.elsol.com.ar<\/strong><\/p>\n","protected":false},"excerpt":{"rendered":"<p>La temperatura m\u00e1xima para este martes alcanzar\u00e1 los 37 grados cent\u00edgrados, mientras que la m\u00ednima ser\u00e1 de unos 20 grados cent\u00edgrados. El pron\u00f3stico de la Direcci\u00f3n de Contingencias Clim\u00e1ticas adelant\u00f3 que estar\u00e1 \u201cmuy caluroso y algo nublado, vientos moderados del noreste\u201d. Habr\u00e1 \u201cprecipitaciones en cordillera\u201d, por lo que se sugiere precauci\u00f3n para quienes tienen pensado [&hellip;]<\/p>\n","protected":false},"author":2,"featured_media":11033,"comment_status":"open","ping_status":"open","sticky":false,"template":"","format":"standard","meta":[],"categories":[52],"tags":[],"_links":{"self":[{"href":"https:\/\/pasaenmendoza.com\/index.php?rest_route=\/wp\/v2\/posts\/11032"}],"collection":[{"href":"https:\/\/pasaenmendoza.com\/index.php?rest_route=\/wp\/v2\/posts"}],"about":[{"href":"https:\/\/pasaenmendoza.com\/index.php?rest_route=\/wp\/v2\/types\/post"}],"author":[{"embeddable":true,"href":"https:\/\/pasaenmendoza.com\/index.php?rest_route=\/wp\/v2\/users\/2"}],"replies":[{"embeddable":true,"href":"https:\/\/pasaenmendoza.com\/index.php?rest_route=%2Fwp%2Fv2%2Fcomments&post=11032"}],"version-history":[{"count":1,"href":"https:\/\/pasaenmendoza.com\/index.php?rest_route=\/wp\/v2\/posts\/11032\/revisions"}],"predecessor-version":[{"id":11034,"href":"https:\/\/pasaenmendoza.com\/index.php?rest_route=\/wp\/v2\/posts\/11032\/revisions\/11034"}],"wp:featuredmedia":[{"embeddable":true,"href":"https:\/\/pasaenmendoza.com\/index.php?rest_route=\/wp\/v2\/media\/11033"}],"wp:attachment":[{"href":"https:\/\/pasaenmendoza.com\/index.php?rest_route=%2Fwp%2Fv2%2Fmedia&parent=11032"}],"wp:term":[{"taxonomy":"category","embeddable":true,"href":"https:\/\/pasaenmendoza.com\/index.php?rest_route=%2Fwp%2Fv2%2Fcategories&post=11032"},{"taxonomy":"post_tag","embeddable":true,"href":"https:\/\/pasaenmendoza.com\/index.php?rest_route=%2Fwp%2Fv2%2Ftags&post=11032"}],"curies":[{"name":"wp","href":"https:\/\/api.w.org\/{rel}","templated":true}]}}