{"id":11038,"date":"2025-01-14T14:22:05","date_gmt":"2025-01-14T13:22:05","guid":{"rendered":"https:\/\/pasaenmendoza.com\/?p=11038"},"modified":"2025-01-14T14:22:06","modified_gmt":"2025-01-14T13:22:06","slug":"un-voraz-incendio-genero-perdidas-millonarias-para-la-municipalidad-de-lavalle","status":"publish","type":"post","link":"https:\/\/pasaenmendoza.com\/?p=11038","title":{"rendered":"Un voraz incendio gener\u00f3 p\u00e9rdidas millonarias para la Municipalidad de Lavalle"},"content":{"rendered":"\n<p>Un incendio de grandes proporciones sacudi\u00f3 al municipio de\u00a0<strong>Lavalle\u00a0<\/strong>este lunes por la tarde. Por el siniestro se perdieron dos\u00a0<strong>camiones recolectores de basura<\/strong>\u00a0de la comuna y una lancha de\u00a0<strong>Defensa Civil\u00a0<\/strong>que se encontraba en el galp\u00f3n donde se desataron las llamas.<\/p>\n\n\n\n<p>Para poder controlar el siniestro, tuvieron que intervenir cuatro dotaciones de bomberos, entre ellas las del municipio y la de\u00a0<strong>Bomberos Voluntarios de Guaymall\u00e9n<\/strong>.<\/p>\n\n\n\n<p>Adem\u00e1s de los da\u00f1os totales en los veh\u00edculos, el galp\u00f3n del \u00e1rea de Maestranza, donde ocurri\u00f3 el&nbsp;<strong>incendio<\/strong>, tambi\u00e9n sufri\u00f3 grandes da\u00f1os. Desde la&nbsp;<strong>Municipalidad de Lavalle<\/strong>&nbsp;destacaron que los da\u00f1os rondan los 350 millones de pesos.<\/p>\n\n\n\n<p>El intendente\u00a0<strong>Edgardo Gonz\u00e1lez<\/strong>, habl\u00f3 con el diario local\u00a0El despertador tras lo sucedido y declar\u00f3 que el incendio es\u00a0&#8220;incidente contra el municipio y su comunidad&#8221;.\u00a0<\/p>\n\n\n\n<p>&#8220;Est\u00e1bamos muy contentos porque hab\u00edamos comprado m\u00e1quinas para la recolecci\u00f3n y ahora nos pasa esto, que no lo puedo entender&#8221;, dijo, agregando que &#8220;esto no puede tomarse como un caso aislado&#8221;.<\/p>\n\n\n\n<p>Estas frases del intendente hacen referencia a los dos anteriores sucesos en el departamento del norte provincial. Es que el 8 de noviembre, durante la celebraci\u00f3n del D\u00eda del Empleado Municipal, se incendi\u00f3 una retroexcavadora en el mismo lugar donde se prendieron fuego los camiones este lunes.<\/p>\n\n\n\n<p>El otro suceso fue en diciembre cuando se incendi\u00f3 una camioneta de Interluz, la empresa municipal que se encarga del servicio de internet en el departamento.\u00a0<\/p>\n\n\n\n<p><strong>Fuente: www.mdzol.com<\/strong><\/p>\n","protected":false},"excerpt":{"rendered":"<p>Un incendio de grandes proporciones sacudi\u00f3 al municipio de\u00a0Lavalle\u00a0este lunes por la tarde. Por el siniestro se perdieron dos\u00a0camiones recolectores de basura\u00a0de la comuna y una lancha de\u00a0Defensa Civil\u00a0que se encontraba en el galp\u00f3n donde se desataron las llamas. Para poder controlar el siniestro, tuvieron que intervenir cuatro dotaciones de bomberos, entre ellas las del [&hellip;]<\/p>\n","protected":false},"author":2,"featured_media":11039,"comment_status":"open","ping_status":"open","sticky":false,"template":"","format":"standard","meta":[],"categories":[48],"tags":[],"_links":{"self":[{"href":"https:\/\/pasaenmendoza.com\/index.php?rest_route=\/wp\/v2\/posts\/11038"}],"collection":[{"href":"https:\/\/pasaenmendoza.com\/index.php?rest_route=\/wp\/v2\/posts"}],"about":[{"href":"https:\/\/pasaenmendoza.com\/index.php?rest_route=\/wp\/v2\/types\/post"}],"author":[{"embeddable":true,"href":"https:\/\/pasaenmendoza.com\/index.php?rest_route=\/wp\/v2\/users\/2"}],"replies":[{"embeddable":true,"href":"https:\/\/pasaenmendoza.com\/index.php?rest_route=%2Fwp%2Fv2%2Fcomments&post=11038"}],"version-history":[{"count":1,"href":"https:\/\/pasaenmendoza.com\/index.php?rest_route=\/wp\/v2\/posts\/11038\/revisions"}],"predecessor-version":[{"id":11040,"href":"https:\/\/pasaenmendoza.com\/index.php?rest_route=\/wp\/v2\/posts\/11038\/revisions\/11040"}],"wp:featuredmedia":[{"embeddable":true,"href":"https:\/\/pasaenmendoza.com\/index.php?rest_route=\/wp\/v2\/media\/11039"}],"wp:attachment":[{"href":"https:\/\/pasaenmendoza.com\/index.php?rest_route=%2Fwp%2Fv2%2Fmedia&parent=11038"}],"wp:term":[{"taxonomy":"category","embeddable":true,"href":"https:\/\/pasaenmendoza.com\/index.php?rest_route=%2Fwp%2Fv2%2Fcategories&post=11038"},{"taxonomy":"post_tag","embeddable":true,"href":"https:\/\/pasaenmendoza.com\/index.php?rest_route=%2Fwp%2Fv2%2Ftags&post=11038"}],"curies":[{"name":"wp","href":"https:\/\/api.w.org\/{rel}","templated":true}]}}