{"id":11045,"date":"2025-01-15T00:12:12","date_gmt":"2025-01-14T23:12:12","guid":{"rendered":"https:\/\/pasaenmendoza.com\/?p=11045"},"modified":"2025-01-15T00:12:13","modified_gmt":"2025-01-14T23:12:13","slug":"mercedes-rus-logro-que-bullrich-mande-unos-50-efectivos-de-la-policia-federal-a-mendoza","status":"publish","type":"post","link":"https:\/\/pasaenmendoza.com\/?p=11045","title":{"rendered":"Mercedes Rus logr\u00f3 que Bullrich mande unos 50 efectivos de la Polic\u00eda Federal a Mendoza"},"content":{"rendered":"\n<p>Hace casi un a\u00f1o que la ministra de Seguridad,<strong>\u00a0Mercedes Rus<\/strong>\u00a0le viene reclamando a su par nacional\u00a0<strong>Patricia Bullrich<\/strong>, que necesita aumentar la cantidad de efectivos de la\u00a0<strong>Polic\u00eda Federal<\/strong>\u00a0<strong>en Mendoza<\/strong>. En estas tierras esos uniformados no superan la decena y por tanto, en varias causas es la Polic\u00eda de Mendoza la que termina haci\u00e9ndose cargo de la investigaci\u00f3n e incluso la parte operativa.<\/p>\n\n\n\n<p>La respuesta a ese pedido lleg\u00f3 hace d\u00edas atr\u00e1s, cuando ambas coincidieron en que la primera tanda de esos&nbsp;<strong>50 polic\u00edas federales&nbsp;<\/strong>desembarque en febrero en&nbsp;<strong>Mendoza<\/strong>.<\/p>\n\n\n\n<p>&#8220;Iban a llegar en enero, pero operativamente se complic\u00f3 ese arribo, por eso confirmamos con\u00a0<strong>Bullrich\u00a0<\/strong>que vendr\u00e1n el pr\u00f3ximo mes. Nosotros ya hicimos la parte que nos tocaba que era elegir un inmueble que cumpla con los requisitos para ser la nueva sede de la\u00a0<strong>Polic\u00eda Federal<\/strong>, porque se necesitaba un lugar grande que tuviera por ejemplo un lugar de secuestros. Ser\u00e1 en Villa Nueva, Guaymall\u00e9n y con el intendente Marcos Calvente ya fuimos a Buenos Aires con los planos para que el jefe de la Federal aprobara la elecci\u00f3n&#8221;, cont\u00f3\u00a0<strong>Mercedes Rus<\/strong>\u00a0sobre el cambio que se avecina.<\/p>\n\n\n\n<p>Seg\u00fan precis\u00f3 la funcionaria aquellos 50 efectivos llegar\u00edan en tanda y se repartir\u00edan entre la sede actual que funciona en calle Per\u00fa casi Sarmiento de Ciudad y la nueva sede de&nbsp;<strong>Guaymall\u00e9n<\/strong>.<\/p>\n\n\n\n<p>El objetivo que comparten\u00a0<strong>Rus\u00a0<\/strong>y\u00a0<strong>Bullrich<\/strong>, es que estos nuevos federales se aboquen principalmente a tareas de investigaci\u00f3n.<\/p>\n\n\n\n<p>&#8220;Me interesa que se aboquen a las causas grandes en las que est\u00e9 involucrada la droga, que pasa y sale de&nbsp;<strong>Mendoza<\/strong>. Ac\u00e1 las bandas est\u00e1n m\u00e1s atomizadas, no hay un s\u00f3lo l\u00edder y varios de los l\u00edderes est\u00e1n detenidos, eso exige otro tipo de investigaci\u00f3n para conocer las segundas y terceras l\u00edneas, porque hay un nuevo mapa de la droga que adem\u00e1s incluye la venta de pastillas que es m\u00e1s dif\u00edcil de detectar porque es m\u00e1s f\u00e1cil de trasladar&#8221;, precis\u00f3&nbsp;<strong>Rus<\/strong>.<\/p>\n\n\n\n<h2 class=\"wp-block-heading\">La confirmaci\u00f3n de Bullrich sobre el env\u00edo de efectivos de la Polic\u00eda Federal<\/h2>\n\n\n\n<p>D\u00edas atr\u00e1s la ministra de Seguridad,&nbsp;<strong>Patricia Bullrich<\/strong>, analiz\u00f3 la baja de la tasa de homicidios que se registraron en el 2024. Seg\u00fan las cifras oficiales, el a\u00f1o pasado se concretaron 1.810 homicidios dolosos, logrando no s\u00f3lo que bajara respecto de lo que se registr\u00f3 en el 2023, en donde se lamentaron 2.046 muertes violentas, sino que se convirti\u00f3 en la tasa m\u00e1s baja de los \u00faltimos 25 a\u00f1os.<\/p>\n\n\n\n<p>En parte, la ministra atribuy\u00f3 la baja a la implementaci\u00f3n del\u00a0<strong>Plan Bandera<\/strong>, en Rosario, en donde se realiz\u00f3 un trabajo conjunto entre la polic\u00eda provincial y el Sistema Penitenciario Federal, y anunci\u00f3 que su plan para el 2025 es replicar ese sistema en la ciudad de Or\u00e1n en la frontera con Salta y en otros sectores del pa\u00eds para seguir bajando la tasa de asesinatos.<\/p>\n\n\n\n<p>\u201cEstamos ordenando Oran como nunca. Otro punto es la ciudad de Bernardo de Yrigoyen, en Misiones, con la frontera con Brasil. Tambi\u00e9n se avanzar\u00e1 el trabajo en municipios del Gran Buenos Aires, Mar del Plata, C\u00f3rdoba,&nbsp;<strong>Mendoza<\/strong>&nbsp;y Santa Fe, que, si bien no es que tengan tasas de altas, pero si el n\u00famero de homicidios\u201d, marc\u00f3.<\/p>\n\n\n\n<p>Ese trabajo al que apunt\u00f3 es el que se pretende hacer con la nueva tanda de efectivos de la&nbsp;<strong>Polic\u00eda Federal<\/strong>&nbsp;en nuestra provincia.<\/p>\n\n\n\n<p>&#8220;Para nosotros ser\u00e1 un gran refuerzo, porque a\u00fan con la poca dotaci\u00f3n que tenemos actualmente ya hemos hechos operativos en conjunto que nos dieron buenos resultados. Adem\u00e1s con el nuevo\u00a0<strong>C\u00f3digo Procesal Penal Federal<\/strong>\u00a0ya funcionando en nuestra provincia, es necesario reforzar la investigaci\u00f3n de las causas, porque el sistema acusatorio est\u00e1 funcionando aceitadamente&#8221;, puntualiz\u00f3 la ministra mendocina.<\/p>\n\n\n\n<p><strong>Fuente: www.diariouno.com.ar<\/strong><\/p>\n","protected":false},"excerpt":{"rendered":"<p>Hace casi un a\u00f1o que la ministra de Seguridad,\u00a0Mercedes Rus\u00a0le viene reclamando a su par nacional\u00a0Patricia Bullrich, que necesita aumentar la cantidad de efectivos de la\u00a0Polic\u00eda Federal\u00a0en Mendoza. En estas tierras esos uniformados no superan la decena y por tanto, en varias causas es la Polic\u00eda de Mendoza la que termina haci\u00e9ndose cargo de la [&hellip;]<\/p>\n","protected":false},"author":2,"featured_media":11046,"comment_status":"open","ping_status":"open","sticky":false,"template":"","format":"standard","meta":[],"categories":[1],"tags":[],"_links":{"self":[{"href":"https:\/\/pasaenmendoza.com\/index.php?rest_route=\/wp\/v2\/posts\/11045"}],"collection":[{"href":"https:\/\/pasaenmendoza.com\/index.php?rest_route=\/wp\/v2\/posts"}],"about":[{"href":"https:\/\/pasaenmendoza.com\/index.php?rest_route=\/wp\/v2\/types\/post"}],"author":[{"embeddable":true,"href":"https:\/\/pasaenmendoza.com\/index.php?rest_route=\/wp\/v2\/users\/2"}],"replies":[{"embeddable":true,"href":"https:\/\/pasaenmendoza.com\/index.php?rest_route=%2Fwp%2Fv2%2Fcomments&post=11045"}],"version-history":[{"count":1,"href":"https:\/\/pasaenmendoza.com\/index.php?rest_route=\/wp\/v2\/posts\/11045\/revisions"}],"predecessor-version":[{"id":11047,"href":"https:\/\/pasaenmendoza.com\/index.php?rest_route=\/wp\/v2\/posts\/11045\/revisions\/11047"}],"wp:featuredmedia":[{"embeddable":true,"href":"https:\/\/pasaenmendoza.com\/index.php?rest_route=\/wp\/v2\/media\/11046"}],"wp:attachment":[{"href":"https:\/\/pasaenmendoza.com\/index.php?rest_route=%2Fwp%2Fv2%2Fmedia&parent=11045"}],"wp:term":[{"taxonomy":"category","embeddable":true,"href":"https:\/\/pasaenmendoza.com\/index.php?rest_route=%2Fwp%2Fv2%2Fcategories&post=11045"},{"taxonomy":"post_tag","embeddable":true,"href":"https:\/\/pasaenmendoza.com\/index.php?rest_route=%2Fwp%2Fv2%2Ftags&post=11045"}],"curies":[{"name":"wp","href":"https:\/\/api.w.org\/{rel}","templated":true}]}}