{"id":11048,"date":"2025-01-15T00:21:17","date_gmt":"2025-01-14T23:21:17","guid":{"rendered":"https:\/\/pasaenmendoza.com\/?p=11048"},"modified":"2025-01-15T00:21:18","modified_gmt":"2025-01-14T23:21:18","slug":"periodista-mendocina-que-cruzo-a-chile-critico-con-dureza-la-atencion-en-la-aduana","status":"publish","type":"post","link":"https:\/\/pasaenmendoza.com\/?p=11048","title":{"rendered":"Periodista mendocina que cruz\u00f3 a Chile critic\u00f3 con dureza la atenci\u00f3n en la aduana"},"content":{"rendered":"\n<p>La periodista mendocina Claudia Farina relat\u00f3 en primera persona, a trav\u00e9s videos, c\u00f3mo es la odisea para cruzar a\u00a0<strong>Chile<\/strong>\u00a0desde Mendoza y critic\u00f3 que las eternas demoras se dan porque &#8220;nadie te atiende&#8221; en la\u00a0<strong>aduana\u00a0<\/strong>del pa\u00eds trasandino. Asegur\u00f3 que estuvo 9 horas para hacer los tr\u00e1mites en\u00a0<strong>Los Libertadores<\/strong>.<\/p>\n\n\n\n<p>Farina cont\u00f3 que, tras haber salido de su casa antes del mediod\u00eda del lunes, en Uspallata tuvo su primer stop con una espera de unas 3 horas. De all\u00ed el operativo montado por la Guardia Urbana de Las Heras la traslad\u00f3 en\u00a0<strong>alta monta\u00f1a<\/strong>, junto al resto de automovilistas, hacia la frontera con\u00a0<strong>Chile<\/strong>.<\/p>\n\n\n\n<p>A la\u00a0<strong>aduana\u00a0<\/strong>chilena lleg\u00f3 a las 15 y se desocup\u00f3 reci\u00e9n a la medianoche, para por fin arribar a destino -Santiago de Chile- casi a las 2 de la madrugada de este martes. En una secuencia de videos fue mostrando c\u00f3mo es el\u00a0<strong>paso a Chile<\/strong>\u00a0y c\u00f3mo los empleados aduaneros del pa\u00eds vecino &#8220;charlaban&#8221; afuera del complejo Los Libertadores mientras la gente esperaba ser atendida.<\/p>\n\n\n\n<p>&#8220;Las sensaciones son encontradas porque los mendocinos elegimos siempre venir a&nbsp;<strong>Chile<\/strong>, por su cercan\u00eda, porque nos gusta su gastronom\u00eda y este a\u00f1o m\u00e1s a\u00fan nos conviene vacacionar en&nbsp;<strong>Chile&nbsp;<\/strong>porque Argentina est\u00e1 muy cara&#8221;, manifest\u00f3 la conductora del programa televisivo &#8220;Wines&#8221; que se ve todos los domingos a las 12 por El Siete.<\/p>\n\n\n\n<p>Y reflexion\u00f3: &#8220;Pero cuando te pas\u00e1s 10 horas tirada en una ruta y ves la desidia, la falta de inter\u00e9s en la\u00a0<strong>aduana\u00a0<\/strong>chilena por recibirte, te provoca mucha bronca y un deseo grande de no volver&#8221;.<\/p>\n\n\n\n<h2 class=\"wp-block-heading\">S\u00f3lo 3 cabinas de aduana de Chile funcionando<\/h2>\n\n\n\n<p>Adem\u00e1s, durante la espera la mendocina Claudia Farina se dirigi\u00f3 caminando a la vera de la ruta 7 hasta el edificio de&nbsp;<strong>Los Libertadores<\/strong>&nbsp;&#8220;para que alguna autoridad me explique el motivo de semejante demora&#8221;.<\/p>\n\n\n\n<p>Destac\u00f3 que &#8220;la infraestructura que tiene\u00a0<strong>Chile\u00a0<\/strong>para su aduana es espectacular, pero sin embargo me encontr\u00e9 con que no hab\u00eda ninguna cabina abierta y dos naves del complejo estaban cerradas, no hab\u00eda nadie&#8221;. Esto ocurr\u00eda mientras el reloj marcaba las 3 de la tarde y ella ya llevaba un viaje de casi unas 5 horas.<\/p>\n\n\n\n<p>Adem\u00e1s, Farina revel\u00f3 que &#8220;nunca encontr\u00e9 al coordinador para que me diga algo&#8221; y que &#8220;en la \u00fanica nave que estaba abierta\u00a0s\u00f3lo hab\u00eda 3 cabinas atendiendo\u00a0y los ba\u00f1os eran un asco; nunca vi una situaci\u00f3n as\u00ed&#8221;, dijo quien tambi\u00e9n se encarg\u00f3 de filmar la suciedad en los alrededores del complejo fronterizo por el que a diario transitan este verano miles de pasajeros argentinos -y sobre todo, mendocinos-.<\/p>\n\n\n\n<h2 class=\"wp-block-heading\">Cuestion\u00f3 el inter\u00e9s de Chile por recibir turistas mendocinos<\/h2>\n\n\n\n<p>&#8220;Como turista argentina me pregunt\u00f3 para que (<strong>Chile<\/strong>) va a promocionar las playas a Mendoza si lleg\u00e1s a la&nbsp;<strong>aduana&nbsp;<\/strong>y no hay qui\u00e9n te atienda&#8221;, cuestion\u00f3 Claudia Farina en uno de sus videos que difundi\u00f3 a trav\u00e9s de sus redes.<\/p>\n\n\n\n<p>Y argument\u00f3: &#8220;Est\u00e1s 10, 12 o hasta 24 horas tirada en una ruta sin que nadie te de una respuesta. \u00bfAs\u00ed atienden a los\u00a0<strong>turistas<\/strong>? \u00bfLes interesa que los turistas argentinos vengamos?&#8221;.<\/p>\n\n\n\n<p>En otro video, la periodista mostr\u00f3 las cabinas de atenci\u00f3n vac\u00edas mientras un grupo de empleados de la\u00a0<strong>aduana\u00a0<\/strong>chilena estaban reunidos afuera del complejo. &#8220;Este es el motivo por el cual no ten\u00e9s que volver a\u00a0<strong>Chile<\/strong>&#8220;, dice mientras filma a unos 5 operarios de frontera charlando.<\/p>\n\n\n\n<p>Y lament\u00f3: &#8220;Como turista y ante este panorama debemos ser m\u00e1s inteligentes a la hora de decidir ad\u00f3nde nos vamos de vacaciones&#8221;.<\/p>\n\n\n\n<h2 class=\"wp-block-heading\">Primer stop en Uspallata antes de llegar a la aduana de Chile<\/h2>\n\n\n\n<p>En otro pasaje, la periodista Claudia Farina critic\u00f3 tambi\u00e9n las 3 horas de espera que tuvo que hacer en\u00a0el primer parador que dispusieron las autoridades locales\u00a0para ordenar el alto tr\u00e1nsito en alta monta\u00f1a. &#8220;Casualmente el parador est\u00e1 ubicado en la estaci\u00f3n de servicios y entonces la gente qu\u00e9 hace: consume&#8221;, dijo para rematar: &#8220;Qu\u00e9 buen negocio&#8221;.<\/p>\n\n\n\n<p>Luego, coment\u00f3 que al llegar al t\u00fanel internacional mediante el ret\u00e9n que organizan en Uspallata &#8220;la fila es de 6 kil\u00f3metros para llegar a la\u00a0<strong>aduana<\/strong>&#8220;. Y sospech\u00f3 que ese stop que obligan a hacer a los conductores en la YPF nueva de Uspallata, donde la Municipalidad de Las Heras est\u00e1 a cargo, es &#8220;para que la gente consuma&#8221;.<\/p>\n\n\n\n<p><strong>Fuente: pasaenmendoza.com<\/strong><\/p>\n","protected":false},"excerpt":{"rendered":"<p>La periodista mendocina Claudia Farina relat\u00f3 en primera persona, a trav\u00e9s videos, c\u00f3mo es la odisea para cruzar a\u00a0Chile\u00a0desde Mendoza y critic\u00f3 que las eternas demoras se dan porque &#8220;nadie te atiende&#8221; en la\u00a0aduana\u00a0del pa\u00eds trasandino. Asegur\u00f3 que estuvo 9 horas para hacer los tr\u00e1mites en\u00a0Los Libertadores. Farina cont\u00f3 que, tras haber salido de su [&hellip;]<\/p>\n","protected":false},"author":2,"featured_media":11049,"comment_status":"open","ping_status":"open","sticky":false,"template":"","format":"standard","meta":[],"categories":[66],"tags":[],"_links":{"self":[{"href":"https:\/\/pasaenmendoza.com\/index.php?rest_route=\/wp\/v2\/posts\/11048"}],"collection":[{"href":"https:\/\/pasaenmendoza.com\/index.php?rest_route=\/wp\/v2\/posts"}],"about":[{"href":"https:\/\/pasaenmendoza.com\/index.php?rest_route=\/wp\/v2\/types\/post"}],"author":[{"embeddable":true,"href":"https:\/\/pasaenmendoza.com\/index.php?rest_route=\/wp\/v2\/users\/2"}],"replies":[{"embeddable":true,"href":"https:\/\/pasaenmendoza.com\/index.php?rest_route=%2Fwp%2Fv2%2Fcomments&post=11048"}],"version-history":[{"count":1,"href":"https:\/\/pasaenmendoza.com\/index.php?rest_route=\/wp\/v2\/posts\/11048\/revisions"}],"predecessor-version":[{"id":11050,"href":"https:\/\/pasaenmendoza.com\/index.php?rest_route=\/wp\/v2\/posts\/11048\/revisions\/11050"}],"wp:featuredmedia":[{"embeddable":true,"href":"https:\/\/pasaenmendoza.com\/index.php?rest_route=\/wp\/v2\/media\/11049"}],"wp:attachment":[{"href":"https:\/\/pasaenmendoza.com\/index.php?rest_route=%2Fwp%2Fv2%2Fmedia&parent=11048"}],"wp:term":[{"taxonomy":"category","embeddable":true,"href":"https:\/\/pasaenmendoza.com\/index.php?rest_route=%2Fwp%2Fv2%2Fcategories&post=11048"},{"taxonomy":"post_tag","embeddable":true,"href":"https:\/\/pasaenmendoza.com\/index.php?rest_route=%2Fwp%2Fv2%2Ftags&post=11048"}],"curies":[{"name":"wp","href":"https:\/\/api.w.org\/{rel}","templated":true}]}}