{"id":11051,"date":"2025-01-15T00:25:38","date_gmt":"2025-01-14T23:25:38","guid":{"rendered":"https:\/\/pasaenmendoza.com\/?p=11051"},"modified":"2025-01-15T00:25:39","modified_gmt":"2025-01-14T23:25:39","slug":"vargas-arizu-confirmo-que-transferiran-373-millones-a-productores-afectados-por-la-granizada-anterior","status":"publish","type":"post","link":"https:\/\/pasaenmendoza.com\/?p=11051","title":{"rendered":"Vargas Arizu confirm\u00f3 que transferir\u00e1n $373 millones a productores afectados por la granizada anterior"},"content":{"rendered":"\n<p>El ministro de Producci\u00f3n,\u00a0<strong>Rodolfo Vargas Arizu\u00a0<\/strong>y la vicegobernadora\u00a0<strong>Hebe Casado<\/strong>\u00a0mantuvieron reuniones con productores afectados por la inusual tormenta con granizo y vientos huracanados en Real del Padre, que se produjo la semana pasada. Al mismo tiempo, informaron que este mi\u00e9rcoles se transferir\u00e1n $373 millones a 100 productores que regularizaron su situaci\u00f3n administrativa y que provienen del Fondo Compensador.<\/p>\n\n\n\n<p>En diciembre se adelantaron $248 millones a 43 productores que cumpl\u00edan con los requisitos.<\/p>\n\n\n\n<p>Del total de productores beneficiados, el 89,8% pertenece al Oasis Sur, con la siguiente distribuci\u00f3n:<\/p>\n\n\n\n<ul>\n<li>67 en San Rafael.<\/li>\n\n\n\n<li>25 en General Alvear.<\/li>\n\n\n\n<li>8 en Santa Rosa.<\/li>\n\n\n\n<li>2 en Lavalle.<\/li>\n\n\n\n<li>1 en Tunuy\u00e1n.<\/li>\n<\/ul>\n\n\n\n<h2 class=\"wp-block-heading\"><strong>Relevamiento en zonas afectadas por granizo<\/strong><\/h2>\n\n\n\n<p>Vargas Arizu, junto a la vicegobernadora Hebe Casado y el Director de Agricultura Alfredo Draque, se reunieron con productores afectados en Real del Padre, una de las localidades golpeadas por el inusual fen\u00f3meno de los vientos huracanados y ca\u00edda de granizo.<\/p>\n\n\n\n<p>La comitiva realiz\u00f3 un relevamiento junto a An\u00edbal Luna, Presidente de la Asociaci\u00f3n de Productores del Oasis Sur (POS), y productores locales para evaluar los da\u00f1os y planificar acciones de recuperaci\u00f3n.<\/p>\n\n\n\n<p>Vargas Arizu destac\u00f3 la importancia de la respuesta r\u00e1pida y las medidas preventivas:<\/p>\n\n\n\n<p>\u201cHemos priorizado la atenci\u00f3n inmediata a los productores afectados, asegurando recursos para mitigar los da\u00f1os y planificar futuras actividades. Este a\u00f1o redoblaremos los esfuerzos en medidas preventivas como la colocaci\u00f3n de mallas antigranizo y la expansi\u00f3n del Fondo Compensador.\u201d<\/p>\n\n\n\n<h2 class=\"wp-block-heading\"><strong>Detalles del Fondo Compensador Agr\u00edcola<\/strong><\/h2>\n\n\n\n<ul>\n<li>&nbsp;El Fondo Compensador Agr\u00edcola ofrece tres tipos de cobertura:<\/li>\n\n\n\n<li>Espec\u00edfica (Granizo): $1.500.000 por hect\u00e1rea afectada con da\u00f1o total.<\/li>\n\n\n\n<li>Inicial (Granizo + Heladas): $600.000 por hect\u00e1rea con da\u00f1o total.<\/li>\n\n\n\n<li>Integral (Granizo + Heladas): $1.500.000 por hect\u00e1rea con da\u00f1o total.<\/li>\n<\/ul>\n\n\n\n<p>Para los productores hort\u00edcolas, la compensaci\u00f3n es de $120.000 por hect\u00e1rea en cualquiera de las coberturas.<\/p>\n\n\n\n<p>Los productores interesados deben estar inscritos en el Registro Permanente del Uso de la Tierra (RUT-SIA) y registrar su CBU en www.mendoza.gov.ar\/contingencias.<\/p>\n\n\n\n<p><strong>Fuente: www.diariouno.com.ar<\/strong><\/p>\n","protected":false},"excerpt":{"rendered":"<p>El ministro de Producci\u00f3n,\u00a0Rodolfo Vargas Arizu\u00a0y la vicegobernadora\u00a0Hebe Casado\u00a0mantuvieron reuniones con productores afectados por la inusual tormenta con granizo y vientos huracanados en Real del Padre, que se produjo la semana pasada. Al mismo tiempo, informaron que este mi\u00e9rcoles se transferir\u00e1n $373 millones a 100 productores que regularizaron su situaci\u00f3n administrativa y que provienen del [&hellip;]<\/p>\n","protected":false},"author":2,"featured_media":11052,"comment_status":"open","ping_status":"open","sticky":false,"template":"","format":"standard","meta":[],"categories":[47],"tags":[],"_links":{"self":[{"href":"https:\/\/pasaenmendoza.com\/index.php?rest_route=\/wp\/v2\/posts\/11051"}],"collection":[{"href":"https:\/\/pasaenmendoza.com\/index.php?rest_route=\/wp\/v2\/posts"}],"about":[{"href":"https:\/\/pasaenmendoza.com\/index.php?rest_route=\/wp\/v2\/types\/post"}],"author":[{"embeddable":true,"href":"https:\/\/pasaenmendoza.com\/index.php?rest_route=\/wp\/v2\/users\/2"}],"replies":[{"embeddable":true,"href":"https:\/\/pasaenmendoza.com\/index.php?rest_route=%2Fwp%2Fv2%2Fcomments&post=11051"}],"version-history":[{"count":1,"href":"https:\/\/pasaenmendoza.com\/index.php?rest_route=\/wp\/v2\/posts\/11051\/revisions"}],"predecessor-version":[{"id":11053,"href":"https:\/\/pasaenmendoza.com\/index.php?rest_route=\/wp\/v2\/posts\/11051\/revisions\/11053"}],"wp:featuredmedia":[{"embeddable":true,"href":"https:\/\/pasaenmendoza.com\/index.php?rest_route=\/wp\/v2\/media\/11052"}],"wp:attachment":[{"href":"https:\/\/pasaenmendoza.com\/index.php?rest_route=%2Fwp%2Fv2%2Fmedia&parent=11051"}],"wp:term":[{"taxonomy":"category","embeddable":true,"href":"https:\/\/pasaenmendoza.com\/index.php?rest_route=%2Fwp%2Fv2%2Fcategories&post=11051"},{"taxonomy":"post_tag","embeddable":true,"href":"https:\/\/pasaenmendoza.com\/index.php?rest_route=%2Fwp%2Fv2%2Ftags&post=11051"}],"curies":[{"name":"wp","href":"https:\/\/api.w.org\/{rel}","templated":true}]}}