{"id":11057,"date":"2025-01-15T14:18:02","date_gmt":"2025-01-15T13:18:02","guid":{"rendered":"https:\/\/pasaenmendoza.com\/?p=11057"},"modified":"2025-01-15T14:18:03","modified_gmt":"2025-01-15T13:18:03","slug":"hallaron-el-cadaver-de-un-hombre-en-estado-de-descomposicion-en-potrerillos","status":"publish","type":"post","link":"https:\/\/pasaenmendoza.com\/?p=11057","title":{"rendered":"Hallaron el cad\u00e1ver de un hombre en estado de descomposici\u00f3n en Potrerillos"},"content":{"rendered":"\n<p>El&nbsp;<strong>cad\u00e1ver&nbsp;<\/strong>de un hombre en<strong>&nbsp;avanzado estado de descomposici\u00f3n&nbsp;<\/strong>fue hallado la noche de este martes en&nbsp;<strong>Potrerillos<\/strong>,&nbsp;<strong>Luj\u00e1n de Cuyo<\/strong>. Los restos no presentaban signos de violencia a simple vista, aunque los detectives del caso no descartan ninguna hip\u00f3tesis.<\/p>\n\n\n\n<p>Fuentes policiales revelaron a&nbsp;<strong><em>El Sol<\/em><\/strong>&nbsp;que pasadas las 22 vecinos de la zona dieron aviso a la l\u00ednea de emergencias 911 sobre un cuerpo putrefacto que se encontraba en las inmediaciones de un arroyo.<\/p>\n\n\n\n<p>Polic\u00edas de la\u00a0<strong>Comisar\u00eda 53\u00aa\u00a0<\/strong>se desplazaron hasta la escena y confirmaron el macabro hallazgo, sin observar prima facie signos alg\u00fan tipo de lesi\u00f3n o indicios de que el fallecido haya sufrido un episodio violencia.<\/p>\n\n\n\n<p>Acto seguido, se dio inmediata intervenci\u00f3n a la&nbsp;<strong>fiscal de Homicidios Andrea Lazo<\/strong>, quien se encuentra de turno durante la feria judicial de enero.<\/p>\n\n\n\n<p>La representante del Ministerio P\u00fablico solicit\u00f3 los trabajos de la&nbsp;<strong>Polic\u00eda Cient\u00edfica&nbsp;<\/strong>en el lugar y posterior levantamiento de los restos para ser trasladados al&nbsp;<strong>Cuerpo M\u00e9dico Forense&nbsp;<\/strong>(CMF).<\/p>\n\n\n\n<p>Debido al avanzado estado de descomposici\u00f3n, lo m\u00e1s probable es que haya que esperar al resultado de la necropsia para establecer la\u00a0<strong>causa de muerte<\/strong>, as\u00ed como tambi\u00e9n la identidad del occiso.<\/p>\n\n\n\n<p>Paralelamente, las autoridades analizaban las<strong>\u00a0denuncias de paraderos<\/strong>\u00a0registradas en el \u00faltimo tiempo para determinar si alguna coincide con las caracter\u00edsticas del cuerpo encontrado, explicaron las fuentes consultadas.<\/p>\n\n\n\n<p><strong>Fuente: www.elsol.com.ar<\/strong><\/p>\n","protected":false},"excerpt":{"rendered":"<p>El&nbsp;cad\u00e1ver&nbsp;de un hombre en&nbsp;avanzado estado de descomposici\u00f3n&nbsp;fue hallado la noche de este martes en&nbsp;Potrerillos,&nbsp;Luj\u00e1n de Cuyo. Los restos no presentaban signos de violencia a simple vista, aunque los detectives del caso no descartan ninguna hip\u00f3tesis. Fuentes policiales revelaron a&nbsp;El Sol&nbsp;que pasadas las 22 vecinos de la zona dieron aviso a la l\u00ednea de emergencias 911 [&hellip;]<\/p>\n","protected":false},"author":2,"featured_media":11058,"comment_status":"open","ping_status":"open","sticky":false,"template":"","format":"standard","meta":[],"categories":[48],"tags":[],"_links":{"self":[{"href":"https:\/\/pasaenmendoza.com\/index.php?rest_route=\/wp\/v2\/posts\/11057"}],"collection":[{"href":"https:\/\/pasaenmendoza.com\/index.php?rest_route=\/wp\/v2\/posts"}],"about":[{"href":"https:\/\/pasaenmendoza.com\/index.php?rest_route=\/wp\/v2\/types\/post"}],"author":[{"embeddable":true,"href":"https:\/\/pasaenmendoza.com\/index.php?rest_route=\/wp\/v2\/users\/2"}],"replies":[{"embeddable":true,"href":"https:\/\/pasaenmendoza.com\/index.php?rest_route=%2Fwp%2Fv2%2Fcomments&post=11057"}],"version-history":[{"count":1,"href":"https:\/\/pasaenmendoza.com\/index.php?rest_route=\/wp\/v2\/posts\/11057\/revisions"}],"predecessor-version":[{"id":11059,"href":"https:\/\/pasaenmendoza.com\/index.php?rest_route=\/wp\/v2\/posts\/11057\/revisions\/11059"}],"wp:featuredmedia":[{"embeddable":true,"href":"https:\/\/pasaenmendoza.com\/index.php?rest_route=\/wp\/v2\/media\/11058"}],"wp:attachment":[{"href":"https:\/\/pasaenmendoza.com\/index.php?rest_route=%2Fwp%2Fv2%2Fmedia&parent=11057"}],"wp:term":[{"taxonomy":"category","embeddable":true,"href":"https:\/\/pasaenmendoza.com\/index.php?rest_route=%2Fwp%2Fv2%2Fcategories&post=11057"},{"taxonomy":"post_tag","embeddable":true,"href":"https:\/\/pasaenmendoza.com\/index.php?rest_route=%2Fwp%2Fv2%2Ftags&post=11057"}],"curies":[{"name":"wp","href":"https:\/\/api.w.org\/{rel}","templated":true}]}}